{"id":114086,"date":"2026-01-26T12:39:08","date_gmt":"2026-01-26T12:39:08","guid":{"rendered":"https:\/\/www.europesays.com\/lv\/114086\/"},"modified":"2026-01-26T12:39:08","modified_gmt":"2026-01-26T12:39:08","slug":"noskaidrots-2025-gada-vards-nevards-un-sparnotais-teiciens","status":"publish","type":"post","link":"https:\/\/www.europesays.com\/lv\/114086\/","title":{"rendered":"Noskaidrots 2025. gada v\u0101rds, nev\u0101rds un sp\u0101rnotais teiciens"},"content":{"rendered":"<p>Savuk\u0101rt par gada nev\u0101rdu R\u012bgas Latvie\u0161u biedr\u012bbas (RLB) Latvie\u0161u valodas att\u012bst\u012bbas kopas organiz\u0113t\u0101 konkursa eksperti izraudz\u012bju\u0161ies anglicismu &#8220;triger\u0113t&#8221;. T\u0101 viet\u0101 tiek aicin\u0101ts lietot t\u0101dus v\u0101rdus k\u0101 &#8220;izrais\u012bt&#8221;, &#8220;sird\u012bt&#8221;, &#8220;sakacin\u0101t&#8221;, &#8220;nokaitin\u0101t&#8221; un citus.<\/p>\n<p>Nomin\u0101cij\u0101 &#8220;Gada v\u0101rds&#8221; tika gaid\u012bti v\u0101rdi, kas raksturo aizvad\u012bto gadu un iek\u013caujas latvie\u0161u valodas sist\u0113m\u0101, tostarp jaunv\u0101rdi vai v\u0101rdi ar jaunu noz\u012bmi. Tikm\u0113r &#8220;Gada nev\u0101rds&#8221; apz\u012bm\u0113 nevajadz\u012bgi aizg\u016btus vai neieder\u012bgi lietotus v\u0101rdus publiskaj\u0101 telp\u0101.<\/p>\n<blockquote class=\"quote ck-widget\" contenteditable=\"false\">\n<p>Par gada sp\u0101rnoto teicienu uzraudz\u012bts re\u017eisora Ginta Zilbalo\u017ea sac\u012btais &#8220;M\u0113s visi esam vien\u0101 laiv\u0101&#8221;, sa\u0146emot &#8220;Oskaru&#8221; par anim\u0101cijas filmu &#8220;Straume&#8221;.<\/p>\n<\/blockquote>\n<p>Savuk\u0101rt kategorij\u0101 &#8220;Gada sav\u0101rst\u012bjums&#8221; tika v\u0113rt\u0113ti d\u012bvain\u0101kie vai divdom\u012bg\u0101kie v\u0101rdu savienojumi, kas p\u0113rn konstat\u0113ti publiskaj\u0101 telp\u0101. RLB valde par 2025. gada sav\u0101rst\u012bjumu izraudz\u012bjusies virsrakstu &#8220;Latvijas V\u0113stne\u0161a&#8221; rakstam internet\u0101: &#8220;&#8221;R\u012bgas me\u017ei&#8221; aicina izstaig\u0101t kr\u0101\u0161\u0146\u0101s galvaspils\u0113tas pu\u0137u dobes &#8211; velt\u012bjumu Skol\u0113nu dziesmu un deju sv\u0113tkiem.&#8221;<\/p>\n<p>RLB Latvie\u0161u valodas att\u012bst\u012bbas kopa pieteikumus sa\u0146em visa gada garum\u0101, un pirmie 2025. gada pieteikumi iesniegti jau aizvad\u012bt\u0101 gada janv\u0101r\u012b p\u0113c iepriek\u0161\u0113j\u0101s aptaujas nosl\u0113guma.<\/p>\n","protected":false},"excerpt":{"rendered":"Savuk\u0101rt par gada nev\u0101rdu R\u012bgas Latvie\u0161u biedr\u012bbas (RLB) Latvie\u0161u valodas att\u012bst\u012bbas kopas organiz\u0113t\u0101 konkursa eksperti izraudz\u012bju\u0161ies anglicismu &#8220;triger\u0113t&#8221;.&hellip;\n","protected":false},"author":2,"featured_media":114083,"comment_status":"","ping_status":"","sticky":false,"template":"","format":"standard","meta":{"footnotes":""},"categories":[12],"tags":[23,28,29,32,33,22,30,31,35,39,38,36,37,34,40,20,26,27,24,25,3619,6933,21],"class_list":{"0":"post-114086","1":"post","2":"type-post","3":"status-publish","4":"format-standard","5":"has-post-thumbnail","7":"category-latvija","8":"tag-aktualitates","9":"tag-breaking-news","10":"tag-breakingnews","11":"tag-featured-news","12":"tag-featurednews","13":"tag-headlines","14":"tag-latest-news","15":"tag-latestnews","16":"tag-latvia","17":"tag-latvian","18":"tag-latviesu","19":"tag-latviesu-valoda","20":"tag-latviesuvaloda","21":"tag-latvija","22":"tag-lv","23":"tag-news","24":"tag-popularakas-zinas","25":"tag-popularakaszinas","26":"tag-top-stories","27":"tag-topstories","28":"tag-valoda","29":"tag-valodas-jautajumi","30":"tag-zinas"},"share_on_mastodon":{"url":"https:\/\/pubeurope.com\/@lv\/115961447231691000","error":""},"_links":{"self":[{"href":"https:\/\/www.europesays.com\/lv\/wp-json\/wp\/v2\/posts\/114086","targetHints":{"allow":["GET"]}}],"collection":[{"href":"https:\/\/www.europesays.com\/lv\/wp-json\/wp\/v2\/posts"}],"about":[{"href":"https:\/\/www.europesays.com\/lv\/wp-json\/wp\/v2\/types\/post"}],"author":[{"embeddable":true,"href":"https:\/\/www.europesays.com\/lv\/wp-json\/wp\/v2\/users\/2"}],"replies":[{"embeddable":true,"href":"https:\/\/www.europesays.com\/lv\/wp-json\/wp\/v2\/comments?post=114086"}],"version-history":[{"count":0,"href":"https:\/\/www.europesays.com\/lv\/wp-json\/wp\/v2\/posts\/114086\/revisions"}],"wp:featuredmedia":[{"embeddable":true,"href":"https:\/\/www.europesays.com\/lv\/wp-json\/wp\/v2\/media\/114083"}],"wp:attachment":[{"href":"https:\/\/www.europesays.com\/lv\/wp-json\/wp\/v2\/media?parent=114086"}],"wp:term":[{"taxonomy":"category","embeddable":true,"href":"https:\/\/www.europesays.com\/lv\/wp-json\/wp\/v2\/categories?post=114086"},{"taxonomy":"post_tag","embeddable":true,"href":"https:\/\/www.europesays.com\/lv\/wp-json\/wp\/v2\/tags?post=114086"}],"curies":[{"name":"wp","href":"https:\/\/api.w.org\/{rel}","templated":true}]}}