{"id":114162,"date":"2026-01-26T14:13:16","date_gmt":"2026-01-26T14:13:16","guid":{"rendered":"https:\/\/www.europesays.com\/lv\/114162\/"},"modified":"2026-01-26T14:13:16","modified_gmt":"2026-01-26T14:13:16","slug":"izraela-piekrit-dalejai-rafahas-robezpunkta-atversanai","status":"publish","type":"post","link":"https:\/\/www.europesays.com\/lv\/114162\/","title":{"rendered":"Izra\u0113la piekr\u012bt da\u013c\u0113jai Rafahas robe\u017epunkta atv\u0113r\u0161anai"},"content":{"rendered":"<p>Tiek zi\u0146ots, ka ASV s\u016bt\u0146i esot izdar\u012bju\u0161i spiedienu uz Izra\u0113las amatperson\u0101m, pieprasot atv\u0113rt robe\u017e\u0161\u0137\u0113rso\u0161anas punktu, jo tas ir svar\u012bgs pal\u012bdz\u012bbas kravu pieg\u0101d\u0101\u0161anai Gazas joslai.<\/p>\n<p>Rafahas robe\u017epunkta atv\u0113r\u0161anu paredz Gazas pamiera vieno\u0161an\u0101s, par ko oktobr\u012b pazi\u0146oja ASV prezidents Donalds Tramps, ta\u010du robe\u017epunkts, ko Izra\u0113las armija kara laik\u0101 p\u0101r\u0146\u0113ma sav\u0101 kontrol\u0113, l\u012bdz \u0161im joproj\u0101m bijis sl\u0113gts.<\/p>\n<p>Netanjahu kanceleja pazi\u0146ojusi, ka robe\u017ekontroles punkta atv\u0113r\u0161ana b\u016bs atkar\u012bga no visu dz\u012bvo \u0137\u012blnieku atgrie\u0161an\u0101s un teroristu nogalin\u0101to \u0137\u012blnieku mirst\u012bgo atlieku atg\u016b\u0161anas.<\/p>\n<p>Izra\u0113las armija sv\u0113tdien pazi\u0146oja, ka p\u0101rmekl\u0113 kaps\u0113tu Gazas josl\u0101, cen\u0161oties atrast p\u0113d\u0113j\u0101 \u0137\u012blnieka &#8211; policijas elit\u0101r\u0101s vien\u012bbas &#8220;Yassam&#8221; virsnieka Rana Gvili &#8211; mirst\u012bg\u0101s atliekas.<\/p>\n<p>Netanjahu kanceleja nor\u0101d\u012bjusi, ka Izra\u0113las armija &#8220;pa\u0161laik veic m\u0113r\u0137tiec\u012bgu oper\u0101ciju, lai izmantotu visu sav\u0101kto izl\u016bko\u0161anas inform\u0101ciju un atrastu Gvili mirst\u012bg\u0101s atliekas.<\/p>\n<p>&#8220;P\u0113c \u0161\u012bs oper\u0101cijas pabeig\u0161anas un saska\u0146\u0101 ar to, ka pan\u0101kta vieno\u0161an\u0101s ar ASV, <a href=\"https:\/\/www.tvnet.lv\/term\/555449\/izraela\" class=\"topicLink\" target=\"_blank\" rel=\"nofollow noopener\">Izra\u0113la<\/a> atv\u0113rs Rafahas robe\u017epunktu,&#8221; apliecin\u0101jusi Netanjahu kanceleja.<\/p>\n","protected":false},"excerpt":{"rendered":"Tiek zi\u0146ots, ka ASV s\u016bt\u0146i esot izdar\u012bju\u0161i spiedienu uz Izra\u0113las amatperson\u0101m, pieprasot atv\u0113rt robe\u017e\u0161\u0137\u0113rso\u0161anas punktu, jo tas ir&hellip;\n","protected":false},"author":2,"featured_media":114163,"comment_status":"","ping_status":"","sticky":false,"template":"","format":"standard","meta":{"footnotes":""},"categories":[14],"tags":[23,57,1275,28,29,11476,32,33,1274,22,493,503,30,31,35,39,38,36,37,34,40,20,26,27,24,25,54,55,56,21,58],"class_list":{"0":"post-114162","1":"post","2":"type-post","3":"status-publish","4":"format-standard","5":"has-post-thumbnail","7":"category-zinas-no-arvalstim","8":"tag-aktualitates","9":"tag-arvalstim","10":"tag-benjamins-netanjahu","11":"tag-breaking-news","12":"tag-breakingnews","13":"tag-egipte","14":"tag-featured-news","15":"tag-featurednews","16":"tag-gazas-josla","17":"tag-headlines","18":"tag-izraela","19":"tag-izraelas-palestiniesu-konflikts","20":"tag-latest-news","21":"tag-latestnews","22":"tag-latvia","23":"tag-latvian","24":"tag-latviesu","25":"tag-latviesu-valoda","26":"tag-latviesuvaloda","27":"tag-latvija","28":"tag-lv","29":"tag-news","30":"tag-popularakas-zinas","31":"tag-popularakaszinas","32":"tag-top-stories","33":"tag-topstories","34":"tag-world","35":"tag-world-news","36":"tag-worldnews","37":"tag-zinas","38":"tag-zinas-no-arvalstim"},"share_on_mastodon":{"url":"https:\/\/pubeurope.com\/@lv\/115961817142135030","error":""},"_links":{"self":[{"href":"https:\/\/www.europesays.com\/lv\/wp-json\/wp\/v2\/posts\/114162","targetHints":{"allow":["GET"]}}],"collection":[{"href":"https:\/\/www.europesays.com\/lv\/wp-json\/wp\/v2\/posts"}],"about":[{"href":"https:\/\/www.europesays.com\/lv\/wp-json\/wp\/v2\/types\/post"}],"author":[{"embeddable":true,"href":"https:\/\/www.europesays.com\/lv\/wp-json\/wp\/v2\/users\/2"}],"replies":[{"embeddable":true,"href":"https:\/\/www.europesays.com\/lv\/wp-json\/wp\/v2\/comments?post=114162"}],"version-history":[{"count":0,"href":"https:\/\/www.europesays.com\/lv\/wp-json\/wp\/v2\/posts\/114162\/revisions"}],"wp:featuredmedia":[{"embeddable":true,"href":"https:\/\/www.europesays.com\/lv\/wp-json\/wp\/v2\/media\/114163"}],"wp:attachment":[{"href":"https:\/\/www.europesays.com\/lv\/wp-json\/wp\/v2\/media?parent=114162"}],"wp:term":[{"taxonomy":"category","embeddable":true,"href":"https:\/\/www.europesays.com\/lv\/wp-json\/wp\/v2\/categories?post=114162"},{"taxonomy":"post_tag","embeddable":true,"href":"https:\/\/www.europesays.com\/lv\/wp-json\/wp\/v2\/tags?post=114162"}],"curies":[{"name":"wp","href":"https:\/\/api.w.org\/{rel}","templated":true}]}}