{"id":114237,"date":"2026-01-26T15:17:13","date_gmt":"2026-01-26T15:17:13","guid":{"rendered":"https:\/\/www.europesays.com\/lv\/114237\/"},"modified":"2026-01-26T15:17:13","modified_gmt":"2026-01-26T15:17:13","slug":"otrdien-vietam-gaidams-sniegs","status":"publish","type":"post","link":"https:\/\/www.europesays.com\/lv\/114237\/","title":{"rendered":"Otrdien viet\u0101m gaid\u0101ms sniegs"},"content":{"rendered":"<p>Debesis b\u016bs p\u0101rsvar\u0101 apm\u0101ku\u0161\u0101s. P\u016bt\u012bs l\u0113ns l\u012bdz m\u0113rens austrumu, zieme\u013caustrumu v\u0113j\u0161, Kurzem\u0113 ar br\u0101zm\u0101m 9-14 metri sekund\u0113.<\/p>\n<p>Gaisa temperat\u016bra nakt\u012b un dien\u0101 b\u016bs -3..-9 gr\u0101di, Vidzem\u0113 un Latgales zieme\u013cos l\u012bdz -10..-15 gr\u0101diem.<\/p>\n<p>R\u012bg\u0101 ned\u0113\u013cas otr\u0101 diena b\u016bs m\u0101ko\u0146aina, iesp\u0113jams neliels sniegs, nokri\u0161\u0146u varb\u016bt\u012bba pieaugs vakar\u0101. V\u0113j\u0161 l\u0113ni l\u012bdz m\u0113reni p\u016bt\u012bs no austrumiem, zieme\u013caustrumiem. Gaisa temperat\u016bra -8 gr\u0101di, dien\u0101 t\u0101 pak\u0101psies l\u012bdz -6 gr\u0101diem.<\/p>\n<p>Jau zi\u0146ots, ka \u0161\u012bs ned\u0113\u013cas pirmaj\u0101 pus\u0113 Latvijas dienvidu da\u013c\u0101 daudz snigs, viet\u0101m var uzsnigt 15-20 centimetri svaiga sniega. Sagaid\u0101ms, ka visvair\u0101k snigs Latgales dienvidos un Zemgal\u0113 pie Lietuvas robe\u017eas.<\/p>\n","protected":false},"excerpt":{"rendered":"Debesis b\u016bs p\u0101rsvar\u0101 apm\u0101ku\u0161\u0101s. P\u016bt\u012bs l\u0113ns l\u012bdz m\u0113rens austrumu, zieme\u013caustrumu v\u0113j\u0161, Kurzem\u0113 ar br\u0101zm\u0101m 9-14 metri sekund\u0113. Gaisa&hellip;\n","protected":false},"author":2,"featured_media":91877,"comment_status":"","ping_status":"","sticky":false,"template":"","format":"standard","meta":{"footnotes":""},"categories":[5],"tags":[23,28,29,32,33,22,396,30,31,35,39,38,36,37,34,40,20,26,27,24,25,21],"class_list":{"0":"post-114237","1":"post","2":"type-post","3":"status-publish","4":"format-standard","5":"has-post-thumbnail","7":"category-aktualitates","8":"tag-aktualitates","9":"tag-breaking-news","10":"tag-breakingnews","11":"tag-featured-news","12":"tag-featurednews","13":"tag-headlines","14":"tag-laika-zinas","15":"tag-latest-news","16":"tag-latestnews","17":"tag-latvia","18":"tag-latvian","19":"tag-latviesu","20":"tag-latviesu-valoda","21":"tag-latviesuvaloda","22":"tag-latvija","23":"tag-lv","24":"tag-news","25":"tag-popularakas-zinas","26":"tag-popularakaszinas","27":"tag-top-stories","28":"tag-topstories","29":"tag-zinas"},"share_on_mastodon":{"url":"https:\/\/pubeurope.com\/@lv\/115962068696041358","error":""},"_links":{"self":[{"href":"https:\/\/www.europesays.com\/lv\/wp-json\/wp\/v2\/posts\/114237","targetHints":{"allow":["GET"]}}],"collection":[{"href":"https:\/\/www.europesays.com\/lv\/wp-json\/wp\/v2\/posts"}],"about":[{"href":"https:\/\/www.europesays.com\/lv\/wp-json\/wp\/v2\/types\/post"}],"author":[{"embeddable":true,"href":"https:\/\/www.europesays.com\/lv\/wp-json\/wp\/v2\/users\/2"}],"replies":[{"embeddable":true,"href":"https:\/\/www.europesays.com\/lv\/wp-json\/wp\/v2\/comments?post=114237"}],"version-history":[{"count":0,"href":"https:\/\/www.europesays.com\/lv\/wp-json\/wp\/v2\/posts\/114237\/revisions"}],"wp:featuredmedia":[{"embeddable":true,"href":"https:\/\/www.europesays.com\/lv\/wp-json\/wp\/v2\/media\/91877"}],"wp:attachment":[{"href":"https:\/\/www.europesays.com\/lv\/wp-json\/wp\/v2\/media?parent=114237"}],"wp:term":[{"taxonomy":"category","embeddable":true,"href":"https:\/\/www.europesays.com\/lv\/wp-json\/wp\/v2\/categories?post=114237"},{"taxonomy":"post_tag","embeddable":true,"href":"https:\/\/www.europesays.com\/lv\/wp-json\/wp\/v2\/tags?post=114237"}],"curies":[{"name":"wp","href":"https:\/\/api.w.org\/{rel}","templated":true}]}}