{"id":114252,"date":"2026-01-26T15:31:09","date_gmt":"2026-01-26T15:31:09","guid":{"rendered":"https:\/\/www.europesays.com\/lv\/114252\/"},"modified":"2026-01-26T15:31:09","modified_gmt":"2026-01-26T15:31:09","slug":"grantins-un-meijers-klust-par-pasaules-u23-cempioniem-bobsleja-ziemas-sports-sportacentrs-com","status":"publish","type":"post","link":"https:\/\/www.europesays.com\/lv\/114252\/","title":{"rendered":"Granti\u0146\u0161 un Meijers k\u013c\u016bst par pasaules U23 \u010dempioniem bobslej\u0101 \u2013 Ziemas sports \u2013 Sportacentrs.com"},"content":{"rendered":"<p>Pasaules junioru \u010dempion\u0101t\u0101 (l\u012bdz 26 gadu vecumam) piedal\u012bj\u0101s 16 divnieku ekip\u0101\u017eas, starp kur\u0101m bija ar\u012b desmit ekip\u0101\u017eas atsevi\u0161\u0137\u0101 U23 pasaules \u010dempion\u0101ta ieskait\u0113. Junioru konkurenc\u0113 domin\u0113ja v\u0101cie\u0161i, aiz\u0146emot visu goda pjedest\u0101lu, bet ceturtaj\u0101 viet\u0101 35 simtda\u013cas no bronzas bija Granti\u0146\u0161 un Meijers \u2013 \u0101tr\u0101kais divnieks U23 ieskait\u0113.<\/p>\n<p>Granti\u0146\u0161 un Meijers abos braucienos junioru ieskait\u0113 uzr\u0101d\u012bja ceturto \u0101tr\u0101ko laiku gan start\u0101, gan ar\u012b fini\u0161\u0101 un attiec\u012bgi bija \u0101tr\u0101kie gan start\u0101, gan fini\u0161\u0101 U23 ieskait\u0113, kur\u0101 par 28 simtda\u013c\u0101m apsteidza Lihten\u0161teinas divnieku.<\/p>\n<p>Granti\u0146\u0161 ir dzimis 2004. gad\u0101, bet vi\u0146a st\u016bm\u0113js Meijers, kur\u0161 tikai nesen debit\u0113ja Eiropas kaus\u0101, ir dzimis 2006. gad\u0101. Junioru \u010dempioni Cerns\/Leipolds ir dzimu\u0161i 2000. un 2003. gad\u0101, vice\u010dempioni Dosth\u0101lers un D\u0101mss \u2013 1999. un 2000. gad\u0101, bet bronzas meda\u013cnieki \u010cudajs un Gecels dzimu\u0161i 2002. un 2001. gad\u0101. U23 vice\u010dempioni Krancs un Keselers no Lihten\u0161teinas dzimu\u0161i 2002. un 2003. gad\u0101, bet bronzas meda\u013cnieki Lurim\u012b (tunisie\u0161u izcelsmes) un Sosna no Polijas ir dzimu\u0161i 2006. un 2003. gad\u0101.<\/p>\n<p>R\u012bt Sanktmoric\u0101 gaid\u0101mas ar\u012b \u010detrinieku sacens\u012bbas. Sievie\u0161u monoboba sacens\u012bb\u0101s Am\u0113lija Kot\u0101ne junioru konkurenc\u0113 ieguva 11. vietu starp 15 dal\u012bbniec\u0113m, bet U23 ieskait\u0113 bija sept\u012bt\u0101 starp desmit dal\u012bbniec\u0113m.<\/p>\n<p>Pasaules junioru \u010dempion\u0101ts<\/p>\n<tr>VDivnieksValstsLaiks<\/tr>\n<tr class=\"even\">\n<td>1.<\/td>\n<td>Cerns\/Leipolds<\/td>\n<td>V\u0101cija<\/td>\n<td class=\"ralign\">2:14.33<\/td>\n<\/tr>\n<tr class=\"odd\">\n<td>2.<\/td>\n<td>Dosth\u0101lers\/D\u0101mss<\/td>\n<td>V\u0101cija<\/td>\n<td class=\"ralign\">+0.01<\/td>\n<\/tr>\n<tr class=\"even\">\n<td>3.<\/td>\n<td>\u010cudajs\/Gecels<\/td>\n<td>V\u0101cija<\/td>\n<td class=\"ralign\">+0.64<\/td>\n<\/tr>\n<tr class=\"odd\">\n<td>4.<\/td>\n<td>Granti\u0146\u0161\/Meijers (U23)<\/td>\n<td>Latvija<\/td>\n<td class=\"ralign\">+0.99<\/td>\n<\/tr>\n<tr class=\"even\">\n<td>5.<\/td>\n<td>Krancs\/Keselers (U23)<\/td>\n<td>Lihten\u0161teina<\/td>\n<td class=\"ralign\">+1.27<\/td>\n<\/tr>\n<tr class=\"odd\">\n<td>6.<\/td>\n<td>Lurim\u012b\/Sosna (U23)<\/td>\n<td>Polija<\/td>\n<td class=\"ralign\">+1.82<\/td>\n<\/tr>\n<tr class=\"even\">\n<td>7.<\/td>\n<td>\u0160errers\/Gn\u0113gi<\/td>\n<td>\u0160veice<\/td>\n<td class=\"ralign\">+2.14<\/td>\n<\/tr>\n<tr class=\"odd\">\n<td>8.<\/td>\n<td>Rengli\/Mal\u012b (U23)<\/td>\n<td>\u0160veice<\/td>\n<td class=\"ralign\">+2.15<\/td>\n<\/tr>\n<p>Piedal\u012bj\u0101s 16 ekip\u0101\u017eas, U23 konkurenc\u0113 \u2013 10 ekip\u0101\u017eas<\/p>\n<p>Izmantotie resursi:<br \/><a target=\"_blank\" href=\"https:\/\/www.ibsf.org\/en\/result\/505071\/?cHash=9e7a32391f2e2442c121f59be0a171ba\" rel=\"nofollow noopener\">https:\/\/www.ibsf.org\/en\/result\/5050&#8230;<\/a><br \/><a target=\"_blank\" href=\"https:\/\/www.ibsf.org\/en\/result\/505069\/?cHash=97eb6113016efbb1b46b1c6ee7293aac\" rel=\"nofollow noopener\">https:\/\/www.ibsf.org\/en\/result\/5050&#8230;<\/a><br \/><a target=\"_blank\" href=\"https:\/\/www.ibsf.org\/en\/result\/505070\/?cHash=e21725de9f76ce9db96369d5aeb17b59\" rel=\"nofollow noopener\">https:\/\/www.ibsf.org\/en\/result\/5050&#8230;<\/a><br \/><a target=\"_blank\" href=\"https:\/\/www.ibsf.org\/en\/result\/505073\/?cHash=76f4f83754d59d2cb66503e693f97409\" rel=\"nofollow noopener\">https:\/\/www.ibsf.org\/en\/result\/5050&#8230;<\/a><\/p>\n","protected":false},"excerpt":{"rendered":"Pasaules junioru \u010dempion\u0101t\u0101 (l\u012bdz 26 gadu vecumam) piedal\u012bj\u0101s 16 divnieku ekip\u0101\u017eas, starp kur\u0101m bija ar\u012b desmit ekip\u0101\u017eas atsevi\u0161\u0137\u0101&hellip;\n","protected":false},"author":2,"featured_media":114253,"comment_status":"","ping_status":"","sticky":false,"template":"","format":"standard","meta":{"footnotes":""},"categories":[17],"tags":[35,39,38,36,37,34,40,67,620],"class_list":{"0":"post-114252","1":"post","2":"type-post","3":"status-publish","4":"format-standard","5":"has-post-thumbnail","7":"category-sports","8":"tag-latvia","9":"tag-latvian","10":"tag-latviesu","11":"tag-latviesu-valoda","12":"tag-latviesuvaloda","13":"tag-latvija","14":"tag-lv","15":"tag-sports","16":"tag-ziemas-sports"},"share_on_mastodon":{"url":"https:\/\/pubeurope.com\/@lv\/115962123543613542","error":""},"_links":{"self":[{"href":"https:\/\/www.europesays.com\/lv\/wp-json\/wp\/v2\/posts\/114252","targetHints":{"allow":["GET"]}}],"collection":[{"href":"https:\/\/www.europesays.com\/lv\/wp-json\/wp\/v2\/posts"}],"about":[{"href":"https:\/\/www.europesays.com\/lv\/wp-json\/wp\/v2\/types\/post"}],"author":[{"embeddable":true,"href":"https:\/\/www.europesays.com\/lv\/wp-json\/wp\/v2\/users\/2"}],"replies":[{"embeddable":true,"href":"https:\/\/www.europesays.com\/lv\/wp-json\/wp\/v2\/comments?post=114252"}],"version-history":[{"count":0,"href":"https:\/\/www.europesays.com\/lv\/wp-json\/wp\/v2\/posts\/114252\/revisions"}],"wp:featuredmedia":[{"embeddable":true,"href":"https:\/\/www.europesays.com\/lv\/wp-json\/wp\/v2\/media\/114253"}],"wp:attachment":[{"href":"https:\/\/www.europesays.com\/lv\/wp-json\/wp\/v2\/media?parent=114252"}],"wp:term":[{"taxonomy":"category","embeddable":true,"href":"https:\/\/www.europesays.com\/lv\/wp-json\/wp\/v2\/categories?post=114252"},{"taxonomy":"post_tag","embeddable":true,"href":"https:\/\/www.europesays.com\/lv\/wp-json\/wp\/v2\/tags?post=114252"}],"curies":[{"name":"wp","href":"https:\/\/api.w.org\/{rel}","templated":true}]}}