{"id":114262,"date":"2026-01-26T15:46:09","date_gmt":"2026-01-26T15:46:09","guid":{"rendered":"https:\/\/www.europesays.com\/lv\/114262\/"},"modified":"2026-01-26T15:46:09","modified_gmt":"2026-01-26T15:46:09","slug":"pasazieru-parvadataju-prasito-ilgtermina-ligumu-summu-indeksaciju-noverte-ka-prettiesisku","status":"publish","type":"post","link":"https:\/\/www.europesays.com\/lv\/114262\/","title":{"rendered":"Pasa\u017eieru p\u0101rvad\u0101t\u0101ju pras\u012bto ilgtermi\u0146a l\u012bgumu summu indeks\u0101ciju nov\u0113rt\u0113 k\u0101 prettiesisku"},"content":{"rendered":"<p>TVNET jau zi\u0146oja, ka re\u0123ion\u0101l\u0101 sabiedrisk\u0101 transporta pasa\u017eieru p\u0101rvad\u0101t\u0101ji atk\u0101rtoti apsver iesp\u0113ju r\u012bkot protesta akciju saist\u012bb\u0101 ar ilgtermi\u0146a l\u012bgumcenu p\u0101rskat\u012b\u0161anu.<\/p>\n<p>Latvijas Pasa\u017eieru p\u0101rvad\u0101t\u0101ju asoci\u0101cijas (LPPA) prezidents Ivo O\u0161enieks a\u0123ent\u016brai LETA iepriek\u0161 sac\u012bja, ka p\u0113d\u0113j\u0101 tik\u0161an\u0101s ar ATD un Satiksmes ministriju (SM), kas notika \u0161ogad 7. janv\u0101r\u012b, bija saspringta un p\u0101rvad\u0101t\u0101ji t\u0101s laik\u0101 v\u0113l\u0113j\u0101s dzird\u0113t atbildes uz diviem jaut\u0101jumiem &#8211; par ilgtermi\u0146a l\u012bgumu cenu p\u0101rskat\u012b\u0161anu un tam nepiecie\u0161amo papildu finans\u0113jumu. &#8220;Atbildes netika sniegtas, t\u0101d\u0113\u013c p\u0101rvad\u0101t\u0101ji izskata n\u0101kam\u0101s iesp\u0113jas, tostarp iesp\u0113jamas protesta akcijas. T\u0101pat tiek apsv\u0113rta iesp\u0113ja v\u0113rsties ties\u0101, jo nozare tiek ignor\u0113ta,&#8221; vi\u0146\u0161 min\u0113ja.<\/p>\n<p>Savuk\u0101rt ATD vad\u012bt\u0101js J\u0101nis Lapi\u0146\u0161 iepriek\u0161 uzsv\u0113ra, ka p\u0101rvad\u0101t\u0101ji l\u012bgumos pa\u0161i noteica kilometru cenas un pauda gatav\u012bbu l\u012bgumus pild\u012bt par \u0161\u0101d\u0101m l\u012bgumcen\u0101m. &#8220;Ja k\u0101ds p\u0101rvad\u0101t\u0101js nev\u0113las \u0161o l\u012bgumu pild\u012bt un to izbeigt, esam gatavi mekl\u0113t risin\u0101jumus un p\u0101rvad\u0101t\u0101jus, kas l\u012bgumus ir gatavi pild\u012bt, jo pasa\u017eieriem ir j\u0101nodro\u0161ina mobilit\u0101te,&#8221; vi\u0146\u0161 sac\u012bja.<\/p>\n<p>T\u0101pat v\u0113st\u012bts, ka p\u0113rn 12. august\u0101 sabiedrisk\u0101 transporta pasa\u017eieru p\u0101rvad\u0101t\u0101ju p\u0101rst\u0101vji protesta akcij\u0101 pie Ministru kabineta (MK) aicin\u0101ja vald\u012bbu kompens\u0113t neparedzamu \u0101rk\u0101rtas apst\u0101k\u013cu d\u0113\u013c izrais\u012bto izmaksu pieaugumu. Savuk\u0101rt 16. septembr\u012b pasa\u017eieru p\u0101rvad\u0101t\u0101ji r\u012bkoja protesta akciju &#8220;Viena stunda bez sabiedrisk\u0101 transporta&#8221;, lai piev\u0113rstu uzman\u012bbu nepietiekamam finans\u0113jumam sabiedrisk\u0101 transporta nozar\u0113.<\/p>\n<p>P\u0101rvad\u0101t\u0101ji piepras\u012bja kompens\u0113t 10% p\u0101rvad\u0101t\u0101ju zaud\u0113jumus, kas radu\u0161ies ilgtermi\u0146a l\u012bgumu d\u0113\u013c \u0101rk\u0101rtas apst\u0101k\u013cu ietekm\u0113 laik\u0101 no 2022. gada 1. j\u016blija l\u012bdz 2025. gada 31. augustam.<\/p>\n","protected":false},"excerpt":{"rendered":"TVNET jau zi\u0146oja, ka re\u0123ion\u0101l\u0101 sabiedrisk\u0101 transporta pasa\u017eieru p\u0101rvad\u0101t\u0101ji atk\u0101rtoti apsver iesp\u0113ju r\u012bkot protesta akciju saist\u012bb\u0101 ar ilgtermi\u0146a&hellip;\n","protected":false},"author":2,"featured_media":114263,"comment_status":"","ping_status":"","sticky":false,"template":"","format":"standard","meta":{"footnotes":""},"categories":[12],"tags":[23,1953,28,29,32,33,22,26629,30,31,35,39,38,36,37,34,40,20,5207,26,27,24,25,21],"class_list":{"0":"post-114262","1":"post","2":"type-post","3":"status-publish","4":"format-standard","5":"has-post-thumbnail","7":"category-latvija","8":"tag-aktualitates","9":"tag-autotransporta-direkcija","10":"tag-breaking-news","11":"tag-breakingnews","12":"tag-featured-news","13":"tag-featurednews","14":"tag-headlines","15":"tag-iepirkumu-uzraudzibas-birojs","16":"tag-latest-news","17":"tag-latestnews","18":"tag-latvia","19":"tag-latvian","20":"tag-latviesu","21":"tag-latviesu-valoda","22":"tag-latviesuvaloda","23":"tag-latvija","24":"tag-lv","25":"tag-news","26":"tag-pasazieru-parvadajumi","27":"tag-popularakas-zinas","28":"tag-popularakaszinas","29":"tag-top-stories","30":"tag-topstories","31":"tag-zinas"},"share_on_mastodon":{"url":"https:\/\/pubeurope.com\/@lv\/115962182582993877","error":""},"_links":{"self":[{"href":"https:\/\/www.europesays.com\/lv\/wp-json\/wp\/v2\/posts\/114262","targetHints":{"allow":["GET"]}}],"collection":[{"href":"https:\/\/www.europesays.com\/lv\/wp-json\/wp\/v2\/posts"}],"about":[{"href":"https:\/\/www.europesays.com\/lv\/wp-json\/wp\/v2\/types\/post"}],"author":[{"embeddable":true,"href":"https:\/\/www.europesays.com\/lv\/wp-json\/wp\/v2\/users\/2"}],"replies":[{"embeddable":true,"href":"https:\/\/www.europesays.com\/lv\/wp-json\/wp\/v2\/comments?post=114262"}],"version-history":[{"count":0,"href":"https:\/\/www.europesays.com\/lv\/wp-json\/wp\/v2\/posts\/114262\/revisions"}],"wp:featuredmedia":[{"embeddable":true,"href":"https:\/\/www.europesays.com\/lv\/wp-json\/wp\/v2\/media\/114263"}],"wp:attachment":[{"href":"https:\/\/www.europesays.com\/lv\/wp-json\/wp\/v2\/media?parent=114262"}],"wp:term":[{"taxonomy":"category","embeddable":true,"href":"https:\/\/www.europesays.com\/lv\/wp-json\/wp\/v2\/categories?post=114262"},{"taxonomy":"post_tag","embeddable":true,"href":"https:\/\/www.europesays.com\/lv\/wp-json\/wp\/v2\/tags?post=114262"}],"curies":[{"name":"wp","href":"https:\/\/api.w.org\/{rel}","templated":true}]}}