{"id":114271,"date":"2026-01-26T15:55:10","date_gmt":"2026-01-26T15:55:10","guid":{"rendered":"https:\/\/www.europesays.com\/lv\/114271\/"},"modified":"2026-01-26T15:55:10","modified_gmt":"2026-01-26T15:55:10","slug":"latvijas-bobslejisti-grantins-un-meijers-klust-par-pasaules-u-23-cempioniem","status":"publish","type":"post","link":"https:\/\/www.europesays.com\/lv\/114271\/","title":{"rendered":"Latvijas bobslejisti Granti\u0146\u0161 un Meijers k\u013c\u016bst par pasaules U-23 \u010dempioniem"},"content":{"rendered":"<p>Pasaules junioru \u010dempion\u0101t\u0101 visu goda pjedest\u0101lu aiz\u0146\u0113ma V\u0101cijas ekip\u0101\u017eas, pirmo vietu izc\u012bnot Laurinam Cernam ar \u0112riku Leipoldu, kuri divu braucienu summ\u0101 uzr\u0101d\u012bja rezult\u0101tu divas min\u016btes un 14,33 sekundes.<\/p>\n<p>Otr\u0101 fini\u0161\u0113ja Tobiasa Dosthallera ekip\u0101\u017ea, kura atpalika tikai 0,01 sekundi, bet uz goda pjedest\u0101la tre\u0161\u0101 pak\u0101piena ar 0,64 sekun\u017eu defic\u012btu st\u0101j\u0101s Aleksandra \u010cudaja divnieks.<\/p>\n<p>Granti\u0146\u0161\/Meijers junioru ieskait\u0113 no uzvar\u0113t\u0101jiem atpalika 0,99 sekundes, bet bija lab\u0101kie U-23 grup\u0101, par 0,28 sekund\u0113m p\u0101rsp\u0113jot Martinu Krancu un Timu Keseleru no Lihten\u0161teinas un par 0,83 sekund\u0113m Polijas divnieku Jonatans Laurimi\/Sever\u012bns Sosna.<\/p>\n<p>Kopum\u0101 uz starta junioru \u010dempion\u0101t\u0101 izg\u0101ja 16 ekip\u0101\u017eas, bet U-23 ieskait\u0113 piedal\u012bj\u0101s desmit divnieki.<\/p>\n<p>Savuk\u0101rt monobobu sacens\u012bb\u0101s junior\u0113m Am\u0113lija Kot\u0101ne ie\u0146\u0113ma 11. vietu, kam\u0113r U-23 ieskait\u0113 latvietei sept\u012bt\u0101 poz\u012bcija.<\/p>\n<p>Par pasaules junioru \u010dempioni k\u013cuva \u0161veiciete Debora Annena, kura divu braucienu summ\u0101 uzr\u0101d\u012bja laiku divas min\u016btes un 24,39 sekundes. Sudraba godalgu ieguva v\u0101ciete \u0160arlote Kandriksa, kura no uzvar\u0113t\u0101jas atpalika 0,43 sekundes, bet tre\u0161\u0101 ar defic\u012btu 0,88 sekundes bija cita \u0161veiciete Sel\u012bna Islere.<\/p>\n<p>Kot\u0101ne \u010dempionei zaud\u0113ja 3,66 sekundes.<\/p>\n<p>U-23 ieskait\u0113 par \u010dempioni k\u013cuva Kandriksa.<\/p>\n<p>Kopum\u0101 uz starta izg\u0101ja 15 bobslejistes, no kur\u0101m desmit sacent\u0101s ar\u012b U-23 ieskait\u0113.<\/p>\n<p>Pasaules junioru \u010dempion\u0101ts Sanktmoric\u0101 nosl\u0113gsies otrdien.<\/p>\n","protected":false},"excerpt":{"rendered":"Pasaules junioru \u010dempion\u0101t\u0101 visu goda pjedest\u0101lu aiz\u0146\u0113ma V\u0101cijas ekip\u0101\u017eas, pirmo vietu izc\u012bnot Laurinam Cernam ar \u0112riku Leipoldu, kuri&hellip;\n","protected":false},"author":2,"featured_media":114272,"comment_status":"","ping_status":"","sticky":false,"template":"","format":"standard","meta":{"footnotes":""},"categories":[17],"tags":[2158,35,39,38,36,37,34,40,67],"class_list":{"0":"post-114271","1":"post","2":"type-post","3":"status-publish","4":"format-standard","5":"has-post-thumbnail","7":"category-sports","8":"tag-bobslejs","9":"tag-latvia","10":"tag-latvian","11":"tag-latviesu","12":"tag-latviesu-valoda","13":"tag-latviesuvaloda","14":"tag-latvija","15":"tag-lv","16":"tag-sports"},"share_on_mastodon":{"url":"https:\/\/pubeurope.com\/@lv\/115962217907573306","error":""},"_links":{"self":[{"href":"https:\/\/www.europesays.com\/lv\/wp-json\/wp\/v2\/posts\/114271","targetHints":{"allow":["GET"]}}],"collection":[{"href":"https:\/\/www.europesays.com\/lv\/wp-json\/wp\/v2\/posts"}],"about":[{"href":"https:\/\/www.europesays.com\/lv\/wp-json\/wp\/v2\/types\/post"}],"author":[{"embeddable":true,"href":"https:\/\/www.europesays.com\/lv\/wp-json\/wp\/v2\/users\/2"}],"replies":[{"embeddable":true,"href":"https:\/\/www.europesays.com\/lv\/wp-json\/wp\/v2\/comments?post=114271"}],"version-history":[{"count":0,"href":"https:\/\/www.europesays.com\/lv\/wp-json\/wp\/v2\/posts\/114271\/revisions"}],"wp:featuredmedia":[{"embeddable":true,"href":"https:\/\/www.europesays.com\/lv\/wp-json\/wp\/v2\/media\/114272"}],"wp:attachment":[{"href":"https:\/\/www.europesays.com\/lv\/wp-json\/wp\/v2\/media?parent=114271"}],"wp:term":[{"taxonomy":"category","embeddable":true,"href":"https:\/\/www.europesays.com\/lv\/wp-json\/wp\/v2\/categories?post=114271"},{"taxonomy":"post_tag","embeddable":true,"href":"https:\/\/www.europesays.com\/lv\/wp-json\/wp\/v2\/tags?post=114271"}],"curies":[{"name":"wp","href":"https:\/\/api.w.org\/{rel}","templated":true}]}}