{"id":114277,"date":"2026-01-26T16:00:25","date_gmt":"2026-01-26T16:00:25","guid":{"rendered":"https:\/\/www.europesays.com\/lv\/114277\/"},"modified":"2026-01-26T16:00:25","modified_gmt":"2026-01-26T16:00:25","slug":"holivuda-un-mode-satiekas-pedeja-modes-imperatora-valentino-beres","status":"publish","type":"post","link":"https:\/\/www.europesays.com\/lv\/114277\/","title":{"rendered":"Holivuda un mode satiekas p\u0113d\u0113j\u0101 modes imperatora Valentino b\u0113r\u0113s"},"content":{"rendered":"<p><img decoding=\"async\" class=\"figure__image\" onclick=\"triggerEvent('articleImageClick', { id: 17404992, focus: 'single-image', focusIndex: '17404992' })\" onkeydown=\"if (event.key === 'Enter') {&#10;        triggerEvent('articleImageClick', { id: 17404992, focus: 'single-image', focusIndex: '17404992' })&#10;        }\" role=\"button\" tabindex=\"0\" data-focus-from=\"single-image\" data-focus-index=\"17404992\" src=\"https:\/\/www.europesays.com\/lv\/wp-content\/uploads\/2026\/01\/17404992t1h3e46.jpg\"  onload=\"this.parentElement.classList.remove('figure__image-loading')\" alt=\"Anne Hetaveja\"\/>Anne Hetaveja Foto: STEFANO RELLANDINI\/AFP<\/p>\n<p><a href=\"https:\/\/www.tvnet.lv\/term\/1456\/valentino\" class=\"topicLink\" target=\"_blank\" rel=\"nofollow noopener\">Valentino<\/a> <a href=\"https:\/\/www.tvnet.lv\/term\/566080\/beres\" class=\"topicLink\" target=\"_blank\" rel=\"nofollow noopener\">b\u0113res<\/a> notika Basilica di Santa Maria degli Angeli e dei Martiri \u2013 milz\u012bg\u0101 renesanses stila bazilik\u0101 Rom\u0101. Tur vi\u0146a z\u0101rks tika ienests Mocarta \u201cLacrimosa\u201d pavad\u012bb\u0101. Simtiem cilv\u0113ku, tostarp slaveni modes pasaules un Holivudas p\u0101rst\u0101vji, bija pulc\u0113ju\u0161ies, lai godin\u0101tu vi\u0146a m\u016b\u017eu.<\/p>\n<p>P\u0113c ceremonijas Valentino tika apbed\u012bts Flaminio kaps\u0113t\u0101 \u0123imenes kapel\u0101, k\u0101 vi\u0146\u0161 to v\u0113l\u0113j\u0101s, blakus savam ilgsto\u0161ajam dz\u012bves un biznesa partnerim D\u017eankarlo D\u017eameti.<\/p>\n<p>Liel\u0101k\u0101 da\u013ca viesu bija klasiski meln\u0101 ap\u0123\u0113rb\u0101 \u2013 t\u0101 ir tradicion\u0101la b\u0113ru eti\u0137ete modes pas\u0101kumos un simboliz\u0113 skumjas un cie\u0146u.<\/p>\n<p>Modes dizainers, re\u017eisors Toms Fords.<\/p>\n<p><img decoding=\"async\" class=\"figure__image\" onclick=\"triggerEvent('articleImageClick', { id: 17404984, focus: 'single-image', focusIndex: '17404984' })\" onkeydown=\"if (event.key === 'Enter') {&#10;        triggerEvent('articleImageClick', { id: 17404984, focus: 'single-image', focusIndex: '17404984' })&#10;        }\" role=\"button\" tabindex=\"0\" data-focus-from=\"single-image\" data-focus-index=\"17404984\" src=\"https:\/\/www.europesays.com\/lv\/wp-content\/uploads\/2026\/01\/17404984t1h8042.jpg\"  onload=\"this.parentElement.classList.remove('figure__image-loading')\" alt=\"Tom Ford\"\/>Tom Ford Foto: SIPA\/Scanpix<img decoding=\"async\" class=\"figure__image\" onclick=\"triggerEvent('articleImageClick', { id: 17404985, focus: 'single-image', focusIndex: '17404985' })\" onkeydown=\"if (event.key === 'Enter') {&#10;        triggerEvent('articleImageClick', { id: 17404985, focus: 'single-image', focusIndex: '17404985' })&#10;        }\" role=\"button\" tabindex=\"0\" data-focus-from=\"single-image\" data-focus-index=\"17404985\" src=\"https:\/\/www.europesays.com\/lv\/wp-content\/uploads\/2026\/01\/17404985t1hf43f.jpg\"  onload=\"this.parentElement.classList.remove('figure__image-loading')\" alt=\"Tom Ford\"\/>Tom Ford Foto: SIPA\/Scanpix<\/p>\n<p>&#8220;Vogue&#8221; karaliene Anna Vint\u016bra<\/p>\n<p><img decoding=\"async\" class=\"figure__image\" onclick=\"triggerEvent('articleImageClick', { id: 17404987, focus: 'single-image', focusIndex: '17404987' })\" onkeydown=\"if (event.key === 'Enter') {&#10;        triggerEvent('articleImageClick', { id: 17404987, focus: 'single-image', focusIndex: '17404987' })&#10;        }\" role=\"button\" tabindex=\"0\" data-focus-from=\"single-image\" data-focus-index=\"17404987\" src=\"https:\/\/www.europesays.com\/lv\/wp-content\/uploads\/2026\/01\/17404987t1h0dd3.jpg\"  onload=\"this.parentElement.classList.remove('figure__image-loading')\" alt=\"Anna Wintour\"\/>Anna Wintour Foto: SIPA\/Scanpix<img decoding=\"async\" class=\"figure__image\" onclick=\"triggerEvent('articleImageClick', { id: 17404986, focus: 'single-image', focusIndex: '17404986' })\" onkeydown=\"if (event.key === 'Enter') {&#10;        triggerEvent('articleImageClick', { id: 17404986, focus: 'single-image', focusIndex: '17404986' })&#10;        }\" role=\"button\" tabindex=\"0\" data-focus-from=\"single-image\" data-focus-index=\"17404986\" src=\"https:\/\/www.europesays.com\/lv\/wp-content\/uploads\/2026\/01\/17404986t1he04c.jpg\"  onload=\"this.parentElement.classList.remove('figure__image-loading')\" alt=\"Anna Wintour\"\/>Anna Wintour Foto: SIPA\/Scanpix<\/p>\n<p>&#8220;Versace&#8221; modes klana mantiniece Donatella Versa\u010de.<\/p>\n<p><img decoding=\"async\" class=\"figure__image\" onclick=\"triggerEvent('articleImageClick', { id: 17404988, focus: 'single-image', focusIndex: '17404988' })\" onkeydown=\"if (event.key === 'Enter') {&#10;        triggerEvent('articleImageClick', { id: 17404988, focus: 'single-image', focusIndex: '17404988' })&#10;        }\" role=\"button\" tabindex=\"0\" data-focus-from=\"single-image\" data-focus-index=\"17404988\" src=\"https:\/\/www.europesays.com\/lv\/wp-content\/uploads\/2026\/01\/17404988t1h9c13.jpg\"  onload=\"this.parentElement.classList.remove('figure__image-loading')\" alt=\"Donatella Versace\"\/>Donatella Versace Foto: SIPA\/Scanpix<img decoding=\"async\" class=\"figure__image\" onclick=\"triggerEvent('articleImageClick', { id: 17404989, focus: 'single-image', focusIndex: '17404989' })\" onkeydown=\"if (event.key === 'Enter') {&#10;        triggerEvent('articleImageClick', { id: 17404989, focus: 'single-image', focusIndex: '17404989' })&#10;        }\" role=\"button\" tabindex=\"0\" data-focus-from=\"single-image\" data-focus-index=\"17404989\" src=\"https:\/\/www.europesays.com\/lv\/wp-content\/uploads\/2026\/01\/17404989t1h3ef3.jpg\"  onload=\"this.parentElement.classList.remove('figure__image-loading')\" alt=\"Donatella Versace\"\/>Donatella Versace Foto: SIPA\/Scanpix<img decoding=\"async\" class=\"figure__image\" onclick=\"triggerEvent('articleImageClick', { id: 17404993, focus: 'single-image', focusIndex: '17404993' })\" onkeydown=\"if (event.key === 'Enter') {&#10;        triggerEvent('articleImageClick', { id: 17404993, focus: 'single-image', focusIndex: '17404993' })&#10;        }\" role=\"button\" tabindex=\"0\" data-focus-from=\"single-image\" data-focus-index=\"17404993\" src=\"https:\/\/www.europesays.com\/lv\/wp-content\/uploads\/2026\/01\/17404993t1h9f2a.jpg\"  onload=\"this.parentElement.classList.remove('figure__image-loading')\" alt=\"Anne Hetaveja\"\/>Anne Hetaveja Foto: SIPA\/Scanpix<img decoding=\"async\" class=\"figure__image\" onclick=\"triggerEvent('articleImageClick', { id: 17404992, focus: 'single-image', focusIndex: '17404992' })\" onkeydown=\"if (event.key === 'Enter') {&#10;        triggerEvent('articleImageClick', { id: 17404992, focus: 'single-image', focusIndex: '17404992' })&#10;        }\" role=\"button\" tabindex=\"0\" data-focus-from=\"single-image\" data-focus-index=\"17404992\" src=\"https:\/\/www.europesays.com\/lv\/wp-content\/uploads\/2026\/01\/17404992t1h3e46.jpg\"  onload=\"this.parentElement.classList.remove('figure__image-loading')\" alt=\"Anne Hetaveja\"\/>Anne Hetaveja Foto: STEFANO RELLANDINI\/AFP<\/p>\n<p>Modes nama Valentino rado\u0161ais direktors Alesandro Mik\u0113le.<\/p>\n<p><img decoding=\"async\" class=\"figure__image\" onclick=\"triggerEvent('articleImageClick', { id: 17404995, focus: 'single-image', focusIndex: '17404995' })\" onkeydown=\"if (event.key === 'Enter') {&#10;        triggerEvent('articleImageClick', { id: 17404995, focus: 'single-image', focusIndex: '17404995' })&#10;        }\" role=\"button\" tabindex=\"0\" data-focus-from=\"single-image\" data-focus-index=\"17404995\" src=\"https:\/\/www.europesays.com\/lv\/wp-content\/uploads\/2026\/01\/17404995t1h5475.jpg\"  onload=\"this.parentElement.classList.remove('figure__image-loading')\" alt=\"Alessandro Michele\"\/>Alessandro Michele Foto: SIPA\/Scanpix<\/p>\n<p>It\u0101\u013cu modes dizainere Marija Gr\u0101cija Kjuri.<\/p>\n<p><img decoding=\"async\" class=\"figure__image\" onclick=\"triggerEvent('articleImageClick', { id: 17404996, focus: 'single-image', focusIndex: '17404996' })\" onkeydown=\"if (event.key === 'Enter') {&#10;        triggerEvent('articleImageClick', { id: 17404996, focus: 'single-image', focusIndex: '17404996' })&#10;        }\" role=\"button\" tabindex=\"0\" data-focus-from=\"single-image\" data-focus-index=\"17404996\" src=\"https:\/\/www.europesays.com\/lv\/wp-content\/uploads\/2026\/01\/17404996t1h9724.jpg\"  onload=\"this.parentElement.classList.remove('figure__image-loading')\" alt=\"Maria Grazia Chiuri\"\/>Maria Grazia Chiuri Foto: SIPA\/Scanpix<\/p>\n<p>Tunisijas izcelsmes modele, aktrise un uz\u0146\u0113m\u0113ja Afefa D\u017enifena.<\/p>\n<p><img decoding=\"async\" class=\"figure__image\" onclick=\"triggerEvent('articleImageClick', { id: 17404997, focus: 'single-image', focusIndex: '17404997' })\" onkeydown=\"if (event.key === 'Enter') {&#10;        triggerEvent('articleImageClick', { id: 17404997, focus: 'single-image', focusIndex: '17404997' })&#10;        }\" role=\"button\" tabindex=\"0\" data-focus-from=\"single-image\" data-focus-index=\"17404997\" src=\"https:\/\/www.europesays.com\/lv\/wp-content\/uploads\/2026\/01\/17404997t1h6e2e.jpg\"  onload=\"this.parentElement.classList.remove('figure__image-loading')\" alt=\"Afef Jnifen\"\/>Afef Jnifen Foto: SIPA\/Scanpix<\/p>\n<p>Britu aktrise, modele un uz\u0146\u0113m\u0113ja Liza H\u0101rleja.<\/p>\n<p><img decoding=\"async\" class=\"figure__image\" onclick=\"triggerEvent('articleImageClick', { id: 17405000, focus: 'single-image', focusIndex: '17405000' })\" onkeydown=\"if (event.key === 'Enter') {&#10;        triggerEvent('articleImageClick', { id: 17405000, focus: 'single-image', focusIndex: '17405000' })&#10;        }\" role=\"button\" tabindex=\"0\" data-focus-from=\"single-image\" data-focus-index=\"17405000\" src=\"https:\/\/www.europesays.com\/lv\/wp-content\/uploads\/2026\/01\/17405000t1h04be.jpg\"  onload=\"this.parentElement.classList.remove('figure__image-loading')\" alt=\"Liz Hurley\"\/>Liz Hurley Foto: SIPA\/Scanpix<\/p>\n<p>Krievu izcelsmes supermodele, filantrope un uz\u0146\u0113m\u0113ja Nata\u013cja Vodjanova.<\/p>\n<p><img decoding=\"async\" class=\"figure__image\" onclick=\"triggerEvent('articleImageClick', { id: 17405001, focus: 'single-image', focusIndex: '17405001' })\" onkeydown=\"if (event.key === 'Enter') {&#10;        triggerEvent('articleImageClick', { id: 17405001, focus: 'single-image', focusIndex: '17405001' })&#10;        }\" role=\"button\" tabindex=\"0\" data-focus-from=\"single-image\" data-focus-index=\"17405001\" src=\"https:\/\/www.europesays.com\/lv\/wp-content\/uploads\/2026\/01\/17405001t1h971a.jpg\"  onload=\"this.parentElement.classList.remove('figure__image-loading')\" alt=\"\"\/> Foto: SIPA\/Scanpix<\/p>\n<p>It\u0101\u013cu aristok\u0101te, modes influencere un sabiedr\u012bbas d\u0101ma Bjanka Brandol\u012bni d\u2019Ada.<\/p>\n<p><img decoding=\"async\" class=\"figure__image\" onclick=\"triggerEvent('articleImageClick', { id: 17405003, focus: 'single-image', focusIndex: '17405003' })\" onkeydown=\"if (event.key === 'Enter') {&#10;        triggerEvent('articleImageClick', { id: 17405003, focus: 'single-image', focusIndex: '17405003' })&#10;        }\" role=\"button\" tabindex=\"0\" data-focus-from=\"single-image\" data-focus-index=\"17405003\" src=\"https:\/\/www.europesays.com\/lv\/wp-content\/uploads\/2026\/01\/17405003t1h770e.jpg\"  onload=\"this.parentElement.classList.remove('figure__image-loading')\" alt=\"Bianca Brandolini\"\/>Bianca Brandolini Foto: SIPA\/Scanpix<\/p>\n<p>Amerik\u0101\u0146u modes influencere, uz\u0146\u0113m\u0113ja un stila ikona Ol\u012bvija Palermo.<\/p>\n<p><img decoding=\"async\" class=\"figure__image\" onclick=\"triggerEvent('articleImageClick', { id: 17405005, focus: 'single-image', focusIndex: '17405005' })\" onkeydown=\"if (event.key === 'Enter') {&#10;        triggerEvent('articleImageClick', { id: 17405005, focus: 'single-image', focusIndex: '17405005' })&#10;        }\" role=\"button\" tabindex=\"0\" data-focus-from=\"single-image\" data-focus-index=\"17405005\" src=\"https:\/\/www.europesays.com\/lv\/wp-content\/uploads\/2026\/01\/17405005t1h1062.jpg\"  onload=\"this.parentElement.classList.remove('figure__image-loading')\" alt=\"Olivia Palermo\"\/>Olivia Palermo Foto: SIPA\/Scanpix<\/p>\n","protected":false},"excerpt":{"rendered":"Anne Hetaveja Foto: STEFANO RELLANDINI\/AFP Valentino b\u0113res notika Basilica di Santa Maria degli Angeli e dei Martiri \u2013&hellip;\n","protected":false},"author":2,"featured_media":114278,"comment_status":"","ping_status":"","sticky":false,"template":"","format":"standard","meta":{"footnotes":"","_share_on_mastodon":"0"},"categories":[19],"tags":[24144,89,90,35,39,38,36,37,34,40,175,3068,25841,25917],"class_list":["post-114277","post","type-post","status-publish","format-standard","has-post-thumbnail","category-izklaide","tag-beres","tag-entertainment","tag-izklaide","tag-latvia","tag-latvian","tag-latviesu","tag-latviesu-valoda","tag-latviesuvaloda","tag-latvija","tag-lv","tag-mode","tag-modeles","tag-valentino","tag-valentino-garavani"],"share_on_mastodon":{"url":"https:\/\/pubeurope.com\/@lv\/115962237812977401","error":""},"_links":{"self":[{"href":"https:\/\/www.europesays.com\/lv\/wp-json\/wp\/v2\/posts\/114277","targetHints":{"allow":["GET"]}}],"collection":[{"href":"https:\/\/www.europesays.com\/lv\/wp-json\/wp\/v2\/posts"}],"about":[{"href":"https:\/\/www.europesays.com\/lv\/wp-json\/wp\/v2\/types\/post"}],"author":[{"embeddable":true,"href":"https:\/\/www.europesays.com\/lv\/wp-json\/wp\/v2\/users\/2"}],"replies":[{"embeddable":true,"href":"https:\/\/www.europesays.com\/lv\/wp-json\/wp\/v2\/comments?post=114277"}],"version-history":[{"count":0,"href":"https:\/\/www.europesays.com\/lv\/wp-json\/wp\/v2\/posts\/114277\/revisions"}],"wp:featuredmedia":[{"embeddable":true,"href":"https:\/\/www.europesays.com\/lv\/wp-json\/wp\/v2\/media\/114278"}],"wp:attachment":[{"href":"https:\/\/www.europesays.com\/lv\/wp-json\/wp\/v2\/media?parent=114277"}],"wp:term":[{"taxonomy":"category","embeddable":true,"href":"https:\/\/www.europesays.com\/lv\/wp-json\/wp\/v2\/categories?post=114277"},{"taxonomy":"post_tag","embeddable":true,"href":"https:\/\/www.europesays.com\/lv\/wp-json\/wp\/v2\/tags?post=114277"}],"curies":[{"name":"wp","href":"https:\/\/api.w.org\/{rel}","templated":true}]}}