{"id":114286,"date":"2026-01-26T16:11:08","date_gmt":"2026-01-26T16:11:08","guid":{"rendered":"https:\/\/www.europesays.com\/lv\/114286\/"},"modified":"2026-01-26T16:11:08","modified_gmt":"2026-01-26T16:11:08","slug":"asv-krievijas-un-ukrainas-sarunas-turpinasies-jaunnedel-pazino-kremlis","status":"publish","type":"post","link":"https:\/\/www.europesays.com\/lv\/114286\/","title":{"rendered":"ASV, Krievijas un Ukrainas sarunas turpin\u0101sies jaunned\u0113\u013c, pazi\u0146o Kremlis"},"content":{"rendered":"<p>Sarunu turpin\u0101jums &#8220;pl\u0101nots jaunned\u0113\u013c. Prec\u012bzu datumu tagad nevaru pateikt&#8221;, \u017eurn\u0101listiem sac\u012bja Peskovs.<\/p>\n<p>&#8220;B\u016btu mald\u012bgi sagaid\u012bt no pirmajiem kontaktiem augstu rezultativit\u0101ti. T\u0101 ir \u013coti sare\u017e\u0123\u012bta substance, sare\u017e\u0123\u012bti jaut\u0101jumi, kas ir darba k\u0101rt\u012bb\u0101,&#8221; kl\u0101st\u012bja preses sekret\u0101rs.<\/p>\n<p>&#8220;Ta\u010du pats fakts, ka \u0161ie kontakti ir s\u0101ku\u0161ies konstrukt\u012bv\u0101 gar\u0101, ir v\u0113rt\u0113jams pozit\u012bvi. Priek\u0161\u0101 ir \u013coti nopietns darbs,&#8221; uzsv\u0113ra Peskovs.<\/p>\n<p>&#8220;Pagaid\u0101m neapspried\u012bsim atsevi\u0161\u0137as nost\u0101dnes. M\u016bsu nost\u0101ja ir \u013coti labi zin\u0101ma. &#8220;Ankorid\u017eas formula&#8221; tika atrun\u0101ta, un ar ASV sarunu dal\u012bbniekiem un [ASV] prezidentu [Donaldu] Trampu ir pan\u0101kta atbilsto\u0161a izpratne,&#8221; kl\u0101st\u012bja Krem\u013ca p\u0101rst\u0101vis.<\/p>\n<p>&#8220;Patlaban sarunas noris ekspertu l\u012bmen\u012b. Darbu \u012bsteno darba grupa. Sarunas tie\u0161\u0101 form\u0101t\u0101 ir s\u0101kotn\u0113j\u0101 stadij\u0101. B\u016btu nepareizi run\u0101t par atsevi\u0161\u0137\u0101m darba k\u0101rt\u012bb\u0101 eso\u0161o jaut\u0101jumu nost\u0101dn\u0113m. V\u0113l jo vair\u0101k to dar\u012bt publisk\u0101 form\u0101t\u0101,&#8221; vi\u0146\u0161 piebilda.<\/p>\n<p>Peskovs ar\u012b nor\u0101d\u012bja, ka \u0161obr\u012bd Krievijas diktatora Vladimira Putina darba grafik\u0101 v\u0113l nav telefonsarunas ar Trampu, &#8220;ta\u010du t\u0101s tiek \u013coti \u0101tri saska\u0146otas&#8221;.<\/p>\n<p>Tr\u012bspus\u0113j\u0101s sarunas notika 23. un 24. janv\u0101r\u012b Ab\u016b Dab\u012b.<\/p>\n<p>\u0160\u012bs sarunas ir pirmais zin\u0101mais gad\u012bjums, kad Trampa administr\u0101cijas amatpersonas vienlaikus tiku\u0161\u0101s ar Ukrainas un Krievijas p\u0101rst\u0101vjiem, Va\u0161ingtonai turpinot centienus pan\u0101kt Krievijas s\u0101kt\u0101 kara izbeig\u0161anu.<\/p>\n<p>Iepriek\u0161 amerik\u0101\u0146u t\u012bmek\u013ca izdevums &#8220;Axios&#8221;, atsaucoties uz anon\u012bmu ASV amatpersonu, v\u0113st\u012bja, ka n\u0101kam\u0101 tik\u0161an\u0101s Ab\u016b Dab\u012b paredz\u0113ta 1. febru\u0101r\u012b.<\/p>\n<p>Ukrainas prezidents Volodimirs Zelenskis pirmdien pazi\u0146oja, ka <a href=\"https:\/\/www.tvnet.lv\/term\/8497\/ukraina\" class=\"topicLink\" target=\"_blank\" rel=\"nofollow noopener\">Ukraina<\/a> gatavojas jaun\u0101m tr\u012bspus\u0113j\u0101m sarun\u0101m &#8220;\u0161oned\u0113\u013c&#8221;.<\/p>\n","protected":false},"excerpt":{"rendered":"Sarunu turpin\u0101jums &#8220;pl\u0101nots jaunned\u0113\u013c. Prec\u012bzu datumu tagad nevaru pateikt&#8221;, \u017eurn\u0101listiem sac\u012bja Peskovs. &#8220;B\u016btu mald\u012bgi sagaid\u012bt no pirmajiem kontaktiem&hellip;\n","protected":false},"author":2,"featured_media":114287,"comment_status":"","ping_status":"","sticky":false,"template":"","format":"standard","meta":{"footnotes":""},"categories":[5],"tags":[23,28,29,3439,32,33,22,234,74,30,31,35,39,38,36,37,34,40,20,26,27,24,25,276,21],"class_list":{"0":"post-114286","1":"post","2":"type-post","3":"status-publish","4":"format-standard","5":"has-post-thumbnail","7":"category-aktualitates","8":"tag-aktualitates","9":"tag-breaking-news","10":"tag-breakingnews","11":"tag-dmitrijs-peskovs","12":"tag-featured-news","13":"tag-featurednews","14":"tag-headlines","15":"tag-krievija","16":"tag-krievijas-iebrukums-ukraina","17":"tag-latest-news","18":"tag-latestnews","19":"tag-latvia","20":"tag-latvian","21":"tag-latviesu","22":"tag-latviesu-valoda","23":"tag-latviesuvaloda","24":"tag-latvija","25":"tag-lv","26":"tag-news","27":"tag-popularakas-zinas","28":"tag-popularakaszinas","29":"tag-top-stories","30":"tag-topstories","31":"tag-ukraina","32":"tag-zinas"},"share_on_mastodon":{"url":"https:\/\/pubeurope.com\/@lv\/115962280820224673","error":""},"_links":{"self":[{"href":"https:\/\/www.europesays.com\/lv\/wp-json\/wp\/v2\/posts\/114286","targetHints":{"allow":["GET"]}}],"collection":[{"href":"https:\/\/www.europesays.com\/lv\/wp-json\/wp\/v2\/posts"}],"about":[{"href":"https:\/\/www.europesays.com\/lv\/wp-json\/wp\/v2\/types\/post"}],"author":[{"embeddable":true,"href":"https:\/\/www.europesays.com\/lv\/wp-json\/wp\/v2\/users\/2"}],"replies":[{"embeddable":true,"href":"https:\/\/www.europesays.com\/lv\/wp-json\/wp\/v2\/comments?post=114286"}],"version-history":[{"count":0,"href":"https:\/\/www.europesays.com\/lv\/wp-json\/wp\/v2\/posts\/114286\/revisions"}],"wp:featuredmedia":[{"embeddable":true,"href":"https:\/\/www.europesays.com\/lv\/wp-json\/wp\/v2\/media\/114287"}],"wp:attachment":[{"href":"https:\/\/www.europesays.com\/lv\/wp-json\/wp\/v2\/media?parent=114286"}],"wp:term":[{"taxonomy":"category","embeddable":true,"href":"https:\/\/www.europesays.com\/lv\/wp-json\/wp\/v2\/categories?post=114286"},{"taxonomy":"post_tag","embeddable":true,"href":"https:\/\/www.europesays.com\/lv\/wp-json\/wp\/v2\/tags?post=114286"}],"curies":[{"name":"wp","href":"https:\/\/api.w.org\/{rel}","templated":true}]}}