{"id":114311,"date":"2026-01-26T16:34:08","date_gmt":"2026-01-26T16:34:08","guid":{"rendered":"https:\/\/www.europesays.com\/lv\/114311\/"},"modified":"2026-01-26T16:34:08","modified_gmt":"2026-01-26T16:34:08","slug":"pagajusaja-nedela-krapnieki-no-iedzivotajiem-ieguvusi-vismaz-pusmiljonu-eiro","status":"publish","type":"post","link":"https:\/\/www.europesays.com\/lv\/114311\/","title":{"rendered":"Pag\u0101ju\u0161aj\u0101 ned\u0113\u013c\u0101 kr\u0101pnieki no iedz\u012bvot\u0101jiem ieguvu\u0161i vismaz pusmiljonu eiro"},"content":{"rendered":"<p>Pag\u0101ju\u0161aj\u0101 ned\u0113\u013c\u0101 &#8211; no 19. l\u012bdz 25. janv\u0101rim &#8211; VP re\u0123istr\u0113ti 224 kr\u0101p\u0161anas gad\u012bjumi. No tiem 62 gad\u012bjumos iedz\u012bvot\u0101ji zaud\u0113ju\u0161i naudu, savuk\u0101rt 162 gad\u012bjumos kr\u0101p\u0161anu m\u0113\u0123in\u0101jumi beigu\u0161ies bez finansi\u0101liem zaud\u0113jumiem.<\/p>\n<p>Kop\u0113jie iedz\u012bvot\u0101ju zaud\u0113jumi pag\u0101ju\u0161aj\u0101 ned\u0113\u013c\u0101 sasniegu\u0161i vismaz 537 644 eiro.<\/p>\n<p>Joproj\u0101m visvair\u0101k re\u0123istr\u0113ts viltus zvanu jeb vik\u0161\u0137er\u0113\u0161anas gad\u012bjumu, kad <a href=\"https:\/\/www.apollo.lv\/term\/562485\/krapnieki\" class=\"topicLink\" target=\"_blank\" rel=\"nofollow noopener\">kr\u0101pnieki<\/a> uzdodas par komun\u0101lo pakalpojumu sniedz\u0113ju, VP, mobilo sakaru operatoru, Valsts ie\u0146\u0113mumu dienesta, Valsts soci\u0101l\u0101s apdro\u0161in\u0101\u0161anas a\u0123ent\u016bras, kred\u012btiest\u0101\u017eu, pasta vai soci\u0101lo dienestu darbiniekiem.<\/p>\n","protected":false},"excerpt":{"rendered":"Pag\u0101ju\u0161aj\u0101 ned\u0113\u013c\u0101 &#8211; no 19. l\u012bdz 25. janv\u0101rim &#8211; VP re\u0123istr\u0113ti 224 kr\u0101p\u0161anas gad\u012bjumi. No tiem 62 gad\u012bjumos&hellip;\n","protected":false},"author":2,"featured_media":114312,"comment_status":"","ping_status":"","sticky":false,"template":"","format":"standard","meta":{"footnotes":""},"categories":[12],"tags":[23,28,29,32,33,22,277,30,31,35,39,38,36,37,34,40,20,26,27,2083,24,25,138,21],"class_list":{"0":"post-114311","1":"post","2":"type-post","3":"status-publish","4":"format-standard","5":"has-post-thumbnail","7":"category-latvija","8":"tag-aktualitates","9":"tag-breaking-news","10":"tag-breakingnews","11":"tag-featured-news","12":"tag-featurednews","13":"tag-headlines","14":"tag-krapnieki","15":"tag-latest-news","16":"tag-latestnews","17":"tag-latvia","18":"tag-latvian","19":"tag-latviesu","20":"tag-latviesu-valoda","21":"tag-latviesuvaloda","22":"tag-latvija","23":"tag-lv","24":"tag-news","25":"tag-popularakas-zinas","26":"tag-popularakaszinas","27":"tag-telefonkrapnieki","28":"tag-top-stories","29":"tag-topstories","30":"tag-valsts-policija","31":"tag-zinas"},"share_on_mastodon":{"url":"https:\/\/pubeurope.com\/@lv\/115962371342823551","error":""},"_links":{"self":[{"href":"https:\/\/www.europesays.com\/lv\/wp-json\/wp\/v2\/posts\/114311","targetHints":{"allow":["GET"]}}],"collection":[{"href":"https:\/\/www.europesays.com\/lv\/wp-json\/wp\/v2\/posts"}],"about":[{"href":"https:\/\/www.europesays.com\/lv\/wp-json\/wp\/v2\/types\/post"}],"author":[{"embeddable":true,"href":"https:\/\/www.europesays.com\/lv\/wp-json\/wp\/v2\/users\/2"}],"replies":[{"embeddable":true,"href":"https:\/\/www.europesays.com\/lv\/wp-json\/wp\/v2\/comments?post=114311"}],"version-history":[{"count":0,"href":"https:\/\/www.europesays.com\/lv\/wp-json\/wp\/v2\/posts\/114311\/revisions"}],"wp:featuredmedia":[{"embeddable":true,"href":"https:\/\/www.europesays.com\/lv\/wp-json\/wp\/v2\/media\/114312"}],"wp:attachment":[{"href":"https:\/\/www.europesays.com\/lv\/wp-json\/wp\/v2\/media?parent=114311"}],"wp:term":[{"taxonomy":"category","embeddable":true,"href":"https:\/\/www.europesays.com\/lv\/wp-json\/wp\/v2\/categories?post=114311"},{"taxonomy":"post_tag","embeddable":true,"href":"https:\/\/www.europesays.com\/lv\/wp-json\/wp\/v2\/tags?post=114311"}],"curies":[{"name":"wp","href":"https:\/\/api.w.org\/{rel}","templated":true}]}}