{"id":114336,"date":"2026-01-26T16:53:20","date_gmt":"2026-01-26T16:53:20","guid":{"rendered":"https:\/\/www.europesays.com\/lv\/114336\/"},"modified":"2026-01-26T16:53:20","modified_gmt":"2026-01-26T16:53:20","slug":"bendikai-masu-starta-desmit-soda-apli","status":"publish","type":"post","link":"https:\/\/www.europesays.com\/lv\/114336\/","title":{"rendered":"Bendikai masu start\u0101 desmit soda ap\u013ci"},"content":{"rendered":"<p>Uzvaru svin\u0113ja franc\u016bziete \u017dilija Simona, kura, t\u0101pat k\u0101 n\u0101kam\u0101s tr\u012bs sekot\u0101jas, m\u0113roja vienu soda apli. Simona fini\u0161\u0113ja 33 min\u016bt\u0113s un 39,4 sekund\u0113s, par pussekundi p\u0101rsp\u0113jot savu tautieti Ose\u0101nu Mi\u0161elonu, bet par 2,7 sekund\u0113m &#8211; it\u0101lieti Lizu Vitoci.<\/p>\n<p>Septi\u0146as sekundes p\u0113c pirm\u0101 trijnieka fini\u0161u sasniedza franc\u016bziete L\u016b \u017danmono. It\u0101liete Doroteja V\u012brere sav\u0101 karjeras p\u0113d\u0113j\u0101 Pasaules kausa posm\u0101 fini\u0161\u0113ja sept\u012bt\u0101.<\/p>\n<p>Bendika, kura s\u0101kotn\u0113ji bija k\u0101 otr\u0101 rezerviste, p\u0113c konkuren\u0161u atteikuma tika pie iesp\u0113jas start\u0113t sacens\u012bb\u0101s ar kop\u0113ju startu. \u0160au\u0161an\u0101 gu\u013cus un st\u0101vus vi\u0146a neaizv\u0113ra pa pieciem m\u0113r\u0137iem, tr\u0101pot 50% \u0161\u0101vienu. No pirmsp\u0113d\u0113j\u0101s poz\u012bcijas vi\u0146a atpalika gandr\u012bz vienu min\u016bti.<\/p>\n<p>\u0160aj\u0101 discipl\u012bn\u0101 pirm\u0101s \u010detras vietas ie\u0146emot franc\u016bziet\u0113m, l\u012bdere ar 130 punktiem ir \u017danmono, kura par 20 punktiem apsteidz Simonu. Bendika ar sv\u0113tdien g\u016btajiem diviem punktiem ir 43. viet\u0101.<\/p>\n<p>C\u012b\u0146\u0101 par Lielo krist\u0101la globusu dro\u0161a l\u012bdere ir \u017danmono, kura iekr\u0101jusi 848 punktus jeb 202 vair\u0101k nek\u0101 vicel\u012bdere, somiete S\u016bvi Minkinena, kura sv\u0113tdien fini\u0161\u0113ja sest\u0101. Bendika ar 70 punktiem ir 50., bet Estere Volfa nopeln\u012bjusi 31 punktu un ir 68. poz\u012bcij\u0101.<\/p>\n<p>Pasaules kausa sacens\u012bb\u0101s \u0161osezon ir devi\u0146i posmi. P\u0113c posma Nove Mesto no 8. l\u012bdz 21. febru\u0101rim biatlonisti start\u0113s olimpiskaj\u0101s sp\u0113l\u0113s It\u0101lij\u0101, bet mart\u0101 notiks v\u0113l tr\u012bs Pasaules kausa posmi Kontiolahti, Otep\u0113 un Holmenkollen\u0101.<\/p>\n<p>Olimpiskaj\u0101s sp\u0113l\u0113s start\u0113s <a href=\"https:\/\/www.apollo.lv\/term\/556119\/baiba-bendika\" class=\"topicLink\" target=\"_blank\" rel=\"nofollow noopener\">Baiba Bendika<\/a>, Estere Volfa, Sanita Buli\u0146a, Annija Keita Sabule, Andrejs Rastorgujevs, Ren\u0101rs Birkent\u0101ls, Rihards Lozbers un Edgars Mise.<\/p>\n","protected":false},"excerpt":{"rendered":"Uzvaru svin\u0113ja franc\u016bziete \u017dilija Simona, kura, t\u0101pat k\u0101 n\u0101kam\u0101s tr\u012bs sekot\u0101jas, m\u0113roja vienu soda apli. Simona fini\u0161\u0113ja 33&hellip;\n","protected":false},"author":2,"featured_media":114337,"comment_status":"","ping_status":"","sticky":false,"template":"","format":"standard","meta":{"footnotes":""},"categories":[5],"tags":[23,16007,1499,28,29,32,33,22,30,31,35,39,38,36,37,34,40,20,26,27,24,25,21],"class_list":{"0":"post-114336","1":"post","2":"type-post","3":"status-publish","4":"format-standard","5":"has-post-thumbnail","7":"category-aktualitates","8":"tag-aktualitates","9":"tag-baiba-bendika","10":"tag-biatlons","11":"tag-breaking-news","12":"tag-breakingnews","13":"tag-featured-news","14":"tag-featurednews","15":"tag-headlines","16":"tag-latest-news","17":"tag-latestnews","18":"tag-latvia","19":"tag-latvian","20":"tag-latviesu","21":"tag-latviesu-valoda","22":"tag-latviesuvaloda","23":"tag-latvija","24":"tag-lv","25":"tag-news","26":"tag-popularakas-zinas","27":"tag-popularakaszinas","28":"tag-top-stories","29":"tag-topstories","30":"tag-zinas"},"share_on_mastodon":{"url":"https:\/\/pubeurope.com\/@lv\/115962445974788547","error":""},"_links":{"self":[{"href":"https:\/\/www.europesays.com\/lv\/wp-json\/wp\/v2\/posts\/114336","targetHints":{"allow":["GET"]}}],"collection":[{"href":"https:\/\/www.europesays.com\/lv\/wp-json\/wp\/v2\/posts"}],"about":[{"href":"https:\/\/www.europesays.com\/lv\/wp-json\/wp\/v2\/types\/post"}],"author":[{"embeddable":true,"href":"https:\/\/www.europesays.com\/lv\/wp-json\/wp\/v2\/users\/2"}],"replies":[{"embeddable":true,"href":"https:\/\/www.europesays.com\/lv\/wp-json\/wp\/v2\/comments?post=114336"}],"version-history":[{"count":0,"href":"https:\/\/www.europesays.com\/lv\/wp-json\/wp\/v2\/posts\/114336\/revisions"}],"wp:featuredmedia":[{"embeddable":true,"href":"https:\/\/www.europesays.com\/lv\/wp-json\/wp\/v2\/media\/114337"}],"wp:attachment":[{"href":"https:\/\/www.europesays.com\/lv\/wp-json\/wp\/v2\/media?parent=114336"}],"wp:term":[{"taxonomy":"category","embeddable":true,"href":"https:\/\/www.europesays.com\/lv\/wp-json\/wp\/v2\/categories?post=114336"},{"taxonomy":"post_tag","embeddable":true,"href":"https:\/\/www.europesays.com\/lv\/wp-json\/wp\/v2\/tags?post=114336"}],"curies":[{"name":"wp","href":"https:\/\/api.w.org\/{rel}","templated":true}]}}