{"id":114340,"date":"2026-01-26T16:58:04","date_gmt":"2026-01-26T16:58:04","guid":{"rendered":"https:\/\/www.europesays.com\/lv\/114340\/"},"modified":"2026-01-26T16:58:04","modified_gmt":"2026-01-26T16:58:04","slug":"valsts-policija-aicina-zinot-ja-zinama-davida-krumina-atrasanas-vieta-1188-lv","status":"publish","type":"post","link":"https:\/\/www.europesays.com\/lv\/114340\/","title":{"rendered":"Valsts policija aicina zi\u0146ot, ja zin\u0101ma D\u0101vida Kr\u016bmi\u0146a atra\u0161an\u0101s vieta &#8211; 1188.lv"},"content":{"rendered":"<ol>\n<li><a href=\"https:\/\/news.google.com\/rss\/articles\/CBMiowFBVV95cUxQaWhyUjNrTGloVVpJOHg1ZlRwalhfYU0xM3JPc1pIRE1Sc21xeEhxc3IzNlVpb00xcC05OGp4VEIya05hNlRHY1FsUk8yLTJZMHF0dlNHYmQzWkFEeE5kRkM0LXNYS1JoNzlBR1kwMUdJWXFDXzZmWDJxVTl1SnliX0pmS25oc1NLeDJfQ1NVOG1KZy0xTFpyektLN2FhS2diTjJF?oc=5\" target=\"_blank\" rel=\"nofollow noopener\">Valsts policija aicina zi\u0146ot, ja zin\u0101ma D\u0101vida Kr\u016bmi\u0146a atra\u0161an\u0101s vieta<\/a>&nbsp;&nbsp;1188.lv<\/li>\n<li><a href=\"https:\/\/news.google.com\/rss\/articles\/CBMiywFBVV95cUxOXzByYjZ1RlhWUTZxaFVpSkJBNXdNbVowT2hpVFNrN29haFBDbVZlckFZV01NYTNlQm1KdHRXcE45VGlFRHNuZjZvQXZRbllwZWZFcGNzZWkwanVzckdMdG9NZkVDeVh2M0tSZFV6bzd1c0lmMlNUSmZJckhfdDNlLUtWdFRCeDRhTkRGekZ2d3NqLUMyV0dzbkJMaGpabHMxNkVsTkxlNlR6WVc5cld4alpGTTFQWEdlOVRkUjI1S0JGb2g0RWFzVzNPYw?oc=5\" target=\"_blank\" rel=\"nofollow noopener\">No izdo\u0161anas V\u0101cijai aizb\u0113gu\u0161o Kr\u016bmi\u0146u policija mekl\u0113 Latvij\u0101; iedz\u012bvot\u0101jus aicina zi\u0146ot<\/a>&nbsp;&nbsp;Delfi<\/li>\n<li><a href=\"https:\/\/news.google.com\/rss\/articles\/CBMiwgFBVV95cUxQdFZveHJ3RFpZQ19JMFVjWFRWNi1pcjR0WmpLR09OQ2pqRkhWZjZ1Unhjc0xWY0IwU0R3TXVMbEVRWS16ZkVONEh3cGNWNUR0OFJISGRjb3JPM09SZnhXWmsxcnFjN2ZVUDA4R1VObFNvOUxwOUpkR1VYcWMwa3dCVHczX1Rjb2ZDNHBkVkZCMGF0aDhxTUh4ODVxWXRTeThPcmpwSFRhODR0SGxQYmthQVY3VU5FUFBXcGlROHNTc1psQQ?oc=5\" target=\"_blank\" rel=\"nofollow noopener\">\u201cVi\u0146\u0161 ir apmald\u012bjies\u201d &#8211; Yana Bruk koment\u0113 notikumus ap savu biju\u0161o m\u012b\u013coto D\u0101vidu Kr\u016bmi\u0146u<\/a>&nbsp;&nbsp;Jauns.lv<\/li>\n<li><a href=\"https:\/\/news.google.com\/rss\/articles\/CBMi4AFBVV95cUxQS0ZKSkpIeUVpRlBQZmZoUjBBNk5McC1XYzRWTWVqY2U5UTlqaUNHSzJhenFuYUhUUFFDNDI4OVM5SXdRTUhnRk1KVlc5VmJ5MzZPWkpyQnJ1dXlFMUtXSnNqVFBTdHhNYVUwYUM5M2g2N2VucThwUWF3bnJSV1RkQzQ0Ul9vYUNXR29CdWRfVVlyWWhQWmkzQmZWZTNWbEg5SGZuLW52NkR0RzJmVkFkeDVuRlZLMjNpbXFtbnhaZHdVR250X214THVhUjhqU0N1VFNMazJEZTh5ZjctTXZYNw?oc=5\" target=\"_blank\" rel=\"nofollow noopener\">D\u0101vids Kr\u016bmi\u0146\u0161 deport\u0101cijas dien\u0101 pazi\u0146o, ka policijai nepadosies un b\u0113gs. Vai vi\u0146am atkal izdosies izvair\u012bties no soda?<\/a>&nbsp;&nbsp;Apollo.lv<\/li>\n<li><a href=\"https:\/\/news.google.com\/rss\/articles\/CBMirAFBVV95cUxQcjdQRVdOcC1iUi03SXBwdkdRd1dnbTIyUWI4OU5MWUJfcXpRcktPREVwV0hQT3RnWmc3cXVSQmlpT1g1XzA1aHNFdjZ6MmdKa1J0bTZWSVM2TlRrZWp6ZlQtckNKbkFuWmp4WndlRlYtcFdmN1dwS3VEZjd0WDA4Qi1jbnA4bFRHdTBMWmhVVng2NGhOd2cybUlYRzJJYXpiWXdHZkhBZTVYZk8y?oc=5\" target=\"_blank\" rel=\"nofollow noopener\">\u201cN\u0101ksies man doties somu me\u017e\u0101\u2026\u201d D\u0101vids Kr\u016bmi\u0146\u0161 dod m\u0101jienu par tiesved\u012bbu V\u0101cij\u0101 un saviem pl\u0101niem<\/a>&nbsp;&nbsp;LA.LV<\/li>\n<\/ol>\n","protected":false},"excerpt":{"rendered":"Valsts policija aicina zi\u0146ot, ja zin\u0101ma D\u0101vida Kr\u016bmi\u0146a atra\u0161an\u0101s vieta&nbsp;&nbsp;1188.lv No izdo\u0161anas V\u0101cijai aizb\u0113gu\u0161o Kr\u016bmi\u0146u policija mekl\u0113 Latvij\u0101;&hellip;\n","protected":false},"author":2,"featured_media":114341,"comment_status":"","ping_status":"","sticky":false,"template":"","format":"standard","meta":{"footnotes":""},"categories":[12],"tags":[129,889,23,28,29,32,33,22,30,31,35,39,38,36,37,34,40,20,26,27,890,891,24,25,21],"class_list":{"0":"post-114340","1":"post","2":"type-post","3":"status-publish","4":"format-standard","5":"has-post-thumbnail","7":"category-latvija","8":"tag-__typenameadvicekeyword","9":"tag-id811","10":"tag-aktualitates","11":"tag-breaking-news","12":"tag-breakingnews","13":"tag-featured-news","14":"tag-featurednews","15":"tag-headlines","16":"tag-latest-news","17":"tag-latestnews","18":"tag-latvia","19":"tag-latvian","20":"tag-latviesu","21":"tag-latviesu-valoda","22":"tag-latviesuvaloda","23":"tag-latvija","24":"tag-lv","25":"tag-news","26":"tag-popularakas-zinas","27":"tag-popularakaszinas","28":"tag-slugsabiedriba","29":"tag-titlesabiedriba","30":"tag-top-stories","31":"tag-topstories","32":"tag-zinas"},"share_on_mastodon":{"url":"https:\/\/pubeurope.com\/@lv\/115962465720919846","error":""},"_links":{"self":[{"href":"https:\/\/www.europesays.com\/lv\/wp-json\/wp\/v2\/posts\/114340","targetHints":{"allow":["GET"]}}],"collection":[{"href":"https:\/\/www.europesays.com\/lv\/wp-json\/wp\/v2\/posts"}],"about":[{"href":"https:\/\/www.europesays.com\/lv\/wp-json\/wp\/v2\/types\/post"}],"author":[{"embeddable":true,"href":"https:\/\/www.europesays.com\/lv\/wp-json\/wp\/v2\/users\/2"}],"replies":[{"embeddable":true,"href":"https:\/\/www.europesays.com\/lv\/wp-json\/wp\/v2\/comments?post=114340"}],"version-history":[{"count":0,"href":"https:\/\/www.europesays.com\/lv\/wp-json\/wp\/v2\/posts\/114340\/revisions"}],"wp:featuredmedia":[{"embeddable":true,"href":"https:\/\/www.europesays.com\/lv\/wp-json\/wp\/v2\/media\/114341"}],"wp:attachment":[{"href":"https:\/\/www.europesays.com\/lv\/wp-json\/wp\/v2\/media?parent=114340"}],"wp:term":[{"taxonomy":"category","embeddable":true,"href":"https:\/\/www.europesays.com\/lv\/wp-json\/wp\/v2\/categories?post=114340"},{"taxonomy":"post_tag","embeddable":true,"href":"https:\/\/www.europesays.com\/lv\/wp-json\/wp\/v2\/tags?post=114340"}],"curies":[{"name":"wp","href":"https:\/\/api.w.org\/{rel}","templated":true}]}}