{"id":114342,"date":"2026-01-26T17:01:07","date_gmt":"2026-01-26T17:01:07","guid":{"rendered":"https:\/\/www.europesays.com\/lv\/114342\/"},"modified":"2026-01-26T17:01:07","modified_gmt":"2026-01-26T17:01:07","slug":"porzinga-atgriesanas-laukuma-bus-jauzgaida-vel-vismaz-nedelu-basketbols-sportacentrs-com","status":"publish","type":"post","link":"https:\/\/www.europesays.com\/lv\/114342\/","title":{"rendered":"Porzi\u0146\u0123a atgrie\u0161an\u0101s laukum\u0101 b\u016bs j\u0101uzgaida v\u0113l vismaz ned\u0113\u013cu \u2013 Basketbols \u2013 Sportacentrs.com"},"content":{"rendered":"<p>Latvie\u0161u centra sp\u0113l\u0113t\u0101js \u0161osezon moc\u012bjies gan ar slimo\u0161anas rad\u012btaj\u0101m probl\u0113m\u0101m, gan Ahileja c\u012bpslas savainojumu. Tie\u0161i otr\u0101 kaite vi\u0146am liegusi sp\u0113l\u0113t jau asto\u0146\u0101s sp\u0113l\u0113s p\u0113c k\u0101rtas.<\/p>\n<p>K\u0101 zi\u0146o \u2033Hawks\u2033, Porzi\u0146\u0123is treni\u0146os atgriezies pie basketbola aktivit\u0101t\u0113m un vi\u0146a situ\u0101cija atk\u0101rtoti tik\u0161ot izv\u0113rt\u0113ta p\u0113c ned\u0113\u013cas. Laika nogriezn\u012b l\u012bdz 31. janv\u0101rim bez \u0161\u012b vakara ma\u010da pret Indianas &#8220;Pacers&#8221;, kas s\u0101ksies plkst. 20.30 p\u0113c Latvijas laika, &#8220;Hawks aizvad\u012bs v\u0113l divas sp\u0113les.<\/p>\n<p>P\u0113d\u0113j\u0101s asto\u0146as sp\u0113les izlaidis ar\u012b Zakar\u012b Riza\u0161\u0113, kur\u0161 laukum\u0101 nevar doties ce\u013cgala probl\u0113mas d\u0113\u013c. Uzbruc\u0113js nesp\u0113l\u0113s gaid\u0101maj\u0101 ma\u010d\u0101 pret \u2033Pacers\u2033, bet par vi\u0146a gatav\u012bbu doties laukum\u0101 tik\u0161ot lemts pirms katras n\u0101kam\u0101s sp\u0113les.<\/p>\n<blockquote class=\"twitter-tweet\">\n<p lang=\"en\" dir=\"ltr\">An <a href=\"https:\/\/twitter.com\/emoryhealthcare?ref_src=twsrc%5Etfw\" rel=\"nofollow noopener\" target=\"_blank\">@emoryhealthcare<\/a> injury update: <\/p>\n<p>Kristaps Porzingis, who has missed the last eight games due to left Achilles tendinitis, is participating in basketball activity and will be re-evaluated in approximately one week.<\/p>\n<p>Zaccharie Risacher, who has missed the last eight games due\u2026 <a href=\"https:\/\/t.co\/hWFRa4ODWs\" rel=\"nofollow\">pic.twitter.com\/hWFRa4ODWs<\/a><\/p>\n<p>\u2014 Atlanta Hawks (@ATLHawks) <a href=\"https:\/\/twitter.com\/ATLHawks\/status\/2015818023844884650?ref_src=twsrc%5Etfw\" rel=\"nofollow noopener\" target=\"_blank\">January 26, 2026<\/a><\/p><\/blockquote>\n<p>Porzi\u0146\u0123is \u0161osezon aizvad\u012bjis vien 17 sp\u0113les, kur\u0101s vid\u0113ji atz\u012bm\u0113jies ar 17,1 punktu un 5,1 atl\u0113ku\u0161o bumbu.<\/p>\n<p>\u2033Hawks\u2033 \u0161obr\u012bd Austrumu konferenc\u0113 ar 22 uzvar\u0101m 47 sp\u0113l\u0113s ierindojas vien 10. viet\u0101.<\/p>\n<p>                    <script async src=\"https:\/\/platform.twitter.com\/widgets.js\" charset=\"utf-8\"><\/script><\/p>\n","protected":false},"excerpt":{"rendered":"Latvie\u0161u centra sp\u0113l\u0113t\u0101js \u0161osezon moc\u012bjies gan ar slimo\u0161anas rad\u012btaj\u0101m probl\u0113m\u0101m, gan Ahileja c\u012bpslas savainojumu. Tie\u0161i otr\u0101 kaite vi\u0146am&hellip;\n","protected":false},"author":2,"featured_media":114343,"comment_status":"","ping_status":"","sticky":false,"template":"","format":"standard","meta":{"footnotes":""},"categories":[17],"tags":[145,35,39,38,36,37,34,40,67],"class_list":{"0":"post-114342","1":"post","2":"type-post","3":"status-publish","4":"format-standard","5":"has-post-thumbnail","7":"category-sports","8":"tag-basketbols","9":"tag-latvia","10":"tag-latvian","11":"tag-latviesu","12":"tag-latviesu-valoda","13":"tag-latviesuvaloda","14":"tag-latvija","15":"tag-lv","16":"tag-sports"},"share_on_mastodon":{"url":"https:\/\/pubeurope.com\/@lv\/115962477426333441","error":""},"_links":{"self":[{"href":"https:\/\/www.europesays.com\/lv\/wp-json\/wp\/v2\/posts\/114342","targetHints":{"allow":["GET"]}}],"collection":[{"href":"https:\/\/www.europesays.com\/lv\/wp-json\/wp\/v2\/posts"}],"about":[{"href":"https:\/\/www.europesays.com\/lv\/wp-json\/wp\/v2\/types\/post"}],"author":[{"embeddable":true,"href":"https:\/\/www.europesays.com\/lv\/wp-json\/wp\/v2\/users\/2"}],"replies":[{"embeddable":true,"href":"https:\/\/www.europesays.com\/lv\/wp-json\/wp\/v2\/comments?post=114342"}],"version-history":[{"count":0,"href":"https:\/\/www.europesays.com\/lv\/wp-json\/wp\/v2\/posts\/114342\/revisions"}],"wp:featuredmedia":[{"embeddable":true,"href":"https:\/\/www.europesays.com\/lv\/wp-json\/wp\/v2\/media\/114343"}],"wp:attachment":[{"href":"https:\/\/www.europesays.com\/lv\/wp-json\/wp\/v2\/media?parent=114342"}],"wp:term":[{"taxonomy":"category","embeddable":true,"href":"https:\/\/www.europesays.com\/lv\/wp-json\/wp\/v2\/categories?post=114342"},{"taxonomy":"post_tag","embeddable":true,"href":"https:\/\/www.europesays.com\/lv\/wp-json\/wp\/v2\/tags?post=114342"}],"curies":[{"name":"wp","href":"https:\/\/api.w.org\/{rel}","templated":true}]}}