{"id":114399,"date":"2026-01-26T18:04:13","date_gmt":"2026-01-26T18:04:13","guid":{"rendered":"https:\/\/www.europesays.com\/lv\/114399\/"},"modified":"2026-01-26T18:04:13","modified_gmt":"2026-01-26T18:04:13","slug":"stena-line-pabeidz-terrabalt-iegadi-liepaja-parnem-terminala-darbibu-lente-lv","status":"publish","type":"post","link":"https:\/\/www.europesays.com\/lv\/114399\/","title":{"rendered":"\u201cStena Line\u201d pabeidz \u201cTerrabalt\u201d ieg\u0101di Liep\u0101j\u0101, p\u0101r\u0146em termin\u0101\u013ca darb\u012bbu\u00a0\u2014\u00a0Lente.lv"},"content":{"rendered":"<p>Dar\u012bjuma nosl\u0113g\u0161ana Liep\u0101j\u0101<\/p>\n<p>Pr\u0101mju komp\u0101nija \u201cStena Line\u201d ir pabeigusi termin\u0101\u013ca operatora \u201cTerrabalt\u201d ieg\u0101di Liep\u0101j\u0101 un ofici\u0101li p\u0101r\u0146\u0113musi Ro-Ro (rite\u0146kravu), beramkravu un \u0123ener\u0101lkravu termin\u0101\u013ca darb\u012bbu. Uz\u0146\u0113mums ir sa\u0146\u0113mis visus nepiecie\u0161amos apstiprin\u0101jumus no konkurences uzraudz\u012bbas iest\u0101d\u0113m un attiec\u012bgaj\u0101m valsts instit\u016bcij\u0101m, un ir re\u0123istr\u0113ts k\u0101 termin\u0101\u013ca operatora \u012bpa\u0161nieks. Dar\u012bjuma nosl\u0113g\u0161ana iez\u012bm\u0113 svar\u012bgu posmu \u201cStena Line\u201d ilgtermi\u0146a strat\u0113\u0123ij\u0101, stiprinot tirdzniec\u012bbas att\u012bst\u012bbu un pieg\u0101des \u0137\u0113\u017eu notur\u012bbu Baltijas j\u016bras re\u0123ion\u0101. Liep\u0101jas osta ir Latvijas tre\u0161\u0101 liel\u0101k\u0101 osta un ie\u0146em noz\u012bm\u012bgu lomu re\u0123ion\u0101laj\u0101s un starptautiskaj\u0101s pieg\u0101des \u0137\u0113d\u0113s.<\/p>\n<p>Pl\u0101ni termin\u0101\u013ca att\u012bst\u012bbai<\/p>\n<p>P\u0113c dar\u012bjuma nosl\u0113g\u0161anas termin\u0101lis Liep\u0101j\u0101 turpm\u0101k darbosies ar nosaukumu \u201cStena Line Ports Liep\u0101jas SEZ\u201d. \u201cStena Line\u201d pl\u0101no pak\u0101peniski att\u012bst\u012bt un moderniz\u0113t termin\u0101li un t\u0101 infrastrukt\u016bru, piev\u0113r\u0161ot \u012bpa\u0161u uzman\u012bbu dro\u0161\u012bbai, klientu pieredzei un efekt\u012bvai satiksmes vad\u012bbai termin\u0101\u013ca teritorij\u0101. Lai gan att\u012bst\u012bba prasa laiku, uz\u0146\u0113mums ir ap\u0146\u0113m\u012bbas pilns nodro\u0161in\u0101t stabilu un uzticamu darb\u012bbu klientiem. L\u012bdz\u012bga pieredze termin\u0101\u013ca integr\u0101cij\u0101 uz\u0146\u0113mumam ir no Ventspils, kur tas ieg\u0101d\u0101j\u0101s ostas oper\u0101cijas pirms nepilniem trim gadiem.<\/p>\n<p>Infrastrukt\u016bras uzlabojumi un sadarb\u012bba<\/p>\n<p>\u201cStena Line\u201d att\u012bst\u012bbas pl\u0101nu ietvaros Liep\u0101jas Speci\u0101l\u0101s ekonomisk\u0101s zonas (LSEZ) p\u0101rvalde veiks b\u016bvdarbus 46. piest\u0101tnes rekonstrukcijai Liep\u0101jas ost\u0101. Projekta pl\u0101nots pabeigt l\u012bdz 2027. gada 31. decembrim, kas v\u0113l vair\u0101k stiprin\u0101s ostas infrastrukt\u016bru un kapacit\u0101ti. \u0160is pas\u0101kums ir svar\u012bgs solis, jo piest\u0101tne, kas nodro\u0161ina pr\u0101mju satiksmi ar V\u0101ciju, ir savu laiku nokalpojusi un tai nepiecie\u0161ami b\u016btiski uzlabojumi.<\/p>\n<p>Strat\u0113\u0123isk\u0101 noz\u012bme un n\u0101kotnes perspekt\u012bvas<\/p>\n<p>\u201c\u0160is dar\u012bjums ir lo\u0123isks n\u0101kamais solis m\u016bsu att\u012bst\u012bb\u0101 Baltijas valst\u012bs un atspogu\u013co m\u016bsu sp\u0113c\u012bgo p\u0101rliec\u012bbu par Baltijas re\u0123iona ilgtermi\u0146a tirdzniec\u012bbas potenci\u0101lu,\u201d nor\u0101da Liene L\u0113mane, \u201cStena Line\u201d Baltijas j\u016bras zieme\u013cu re\u0123iona direktore. Vi\u0146a uzsver, ka \u201cStena Line\u201d turpin\u0101s b\u016bt ilgtermi\u0146a partneris Latvijai, veicinot valsts konkur\u0113tsp\u0113ju un izaugsmi. Invest\u012bcijas infrastrukt\u016br\u0101 un cie\u0161\u0101ka sadarb\u012bba starp valst\u012bm tiek uzskat\u012btas par galvenajiem faktoriem tirdzniec\u012bbas un notur\u012bbas stiprin\u0101\u0161anai re\u0123ion\u0101. Uz\u0146\u0113mums pa\u0161laik uztur satiksmi mar\u0161rut\u0101 Liep\u0101ja\u2013Tr\u0101veminde ar diviem ku\u0123iem.<\/p>\n","protected":false},"excerpt":{"rendered":"Dar\u012bjuma nosl\u0113g\u0161ana Liep\u0101j\u0101 Pr\u0101mju komp\u0101nija \u201cStena Line\u201d ir pabeigusi termin\u0101\u013ca operatora \u201cTerrabalt\u201d ieg\u0101di Liep\u0101j\u0101 un ofici\u0101li p\u0101r\u0146\u0113musi Ro-Ro&hellip;\n","protected":false},"author":2,"featured_media":114400,"comment_status":"","ping_status":"","sticky":false,"template":"","format":"standard","meta":{"footnotes":""},"categories":[12],"tags":[23,28,29,32,33,22,10929,30,31,35,39,38,36,37,34,444,40,20,26659,26,27,26657,26658,24,25,21],"class_list":{"0":"post-114399","1":"post","2":"type-post","3":"status-publish","4":"format-standard","5":"has-post-thumbnail","7":"category-latvija","8":"tag-aktualitates","9":"tag-breaking-news","10":"tag-breakingnews","11":"tag-featured-news","12":"tag-featurednews","13":"tag-headlines","14":"tag-iegade","15":"tag-latest-news","16":"tag-latestnews","17":"tag-latvia","18":"tag-latvian","19":"tag-latviesu","20":"tag-latviesu-valoda","21":"tag-latviesuvaloda","22":"tag-latvija","23":"tag-liepaja","24":"tag-lv","25":"tag-news","26":"tag-ostas-terminalis","27":"tag-popularakas-zinas","28":"tag-popularakaszinas","29":"tag-stena-line","30":"tag-terrabalt","31":"tag-top-stories","32":"tag-topstories","33":"tag-zinas"},"share_on_mastodon":{"url":"https:\/\/pubeurope.com\/@lv\/115962725238189978","error":""},"_links":{"self":[{"href":"https:\/\/www.europesays.com\/lv\/wp-json\/wp\/v2\/posts\/114399","targetHints":{"allow":["GET"]}}],"collection":[{"href":"https:\/\/www.europesays.com\/lv\/wp-json\/wp\/v2\/posts"}],"about":[{"href":"https:\/\/www.europesays.com\/lv\/wp-json\/wp\/v2\/types\/post"}],"author":[{"embeddable":true,"href":"https:\/\/www.europesays.com\/lv\/wp-json\/wp\/v2\/users\/2"}],"replies":[{"embeddable":true,"href":"https:\/\/www.europesays.com\/lv\/wp-json\/wp\/v2\/comments?post=114399"}],"version-history":[{"count":0,"href":"https:\/\/www.europesays.com\/lv\/wp-json\/wp\/v2\/posts\/114399\/revisions"}],"wp:featuredmedia":[{"embeddable":true,"href":"https:\/\/www.europesays.com\/lv\/wp-json\/wp\/v2\/media\/114400"}],"wp:attachment":[{"href":"https:\/\/www.europesays.com\/lv\/wp-json\/wp\/v2\/media?parent=114399"}],"wp:term":[{"taxonomy":"category","embeddable":true,"href":"https:\/\/www.europesays.com\/lv\/wp-json\/wp\/v2\/categories?post=114399"},{"taxonomy":"post_tag","embeddable":true,"href":"https:\/\/www.europesays.com\/lv\/wp-json\/wp\/v2\/tags?post=114399"}],"curies":[{"name":"wp","href":"https:\/\/api.w.org\/{rel}","templated":true}]}}