{"id":114401,"date":"2026-01-26T18:05:13","date_gmt":"2026-01-26T18:05:13","guid":{"rendered":"https:\/\/www.europesays.com\/lv\/114401\/"},"modified":"2026-01-26T18:05:13","modified_gmt":"2026-01-26T18:05:13","slug":"diennakts-videja-temperatura-noslidejusi-11-gradus-zem-normas-lente-lv-2","status":"publish","type":"post","link":"https:\/\/www.europesays.com\/lv\/114401\/","title":{"rendered":"diennakts vid\u0113j\u0101 temperat\u016bra nosl\u012bd\u0113jusi 11 gr\u0101dus zem normas\u00a0\u2014\u00a0Lente.lv"},"content":{"rendered":"<p>Sp\u0113c\u012bgs sals p\u0101rkl\u0101j Latviju<\/p>\n<p>Otrdien Latvij\u0101 tika re\u0123istr\u0113ta diennakts vid\u0113j\u0101 gaisa temperat\u016bra -14,2 gr\u0101di, kas ir par 11 gr\u0101diem zem ierast\u0101s normas \u0161im periodam. \u0160is iev\u0113rojamais aukstums ir da\u013ca no pla\u0161\u0101kas ziemas perioda, kas valsti p\u0101r\u0146\u0113mis. K\u0101 inform\u0113 port\u0101ls jauns.lv, \u0161\u0101ds sals ir liel\u0101kais Latvij\u0101 kop\u0161 2024. gada janv\u0101ra s\u0101kuma, kad viet\u0101m Latgal\u0113 temperat\u016bra sasniedza pat -30 gr\u0101dus. Lai gan prognozes par ekstrem\u0101liem m\u012bnus 30 gr\u0101diem \u0161obr\u012bd nav piepild\u012bju\u0161\u0101s, janv\u0101ris kopum\u0101 izveidojies par vienu no aukst\u0101kajiem m\u0113ne\u0161iem p\u0113d\u0113jo desmit gadu laik\u0101. Atskaites periods normu noteik\u0161anai ir 1991.-2020. gadi, kad 20. janv\u0101ra vid\u0113j\u0101 gaisa temperat\u016bra Latvij\u0101 vid\u0113ji ir -3,3 gr\u0101di. Viszem\u0101kais normas r\u0101d\u012bt\u0101js ir no -3,3 l\u012bdz -4,0 gr\u0101diem, kas rakstur\u012bgs periodam no 22. l\u012bdz 26. janv\u0101rim un 6. febru\u0101r\u012b.<\/p>\n<p>Rekordzems sals un t\u0101 sekas<\/p>\n<p>Minim\u0101l\u0101 gaisa temperat\u016bra otrdien Latvijas Vides, \u0123eolo\u0123ijas un meteorolo\u0123ijas centra (LV\u0122MC) nov\u0113rojumu t\u012bkl\u0101 tika fiks\u0113ta Daugavpil\u012b, kur no r\u012bta termometra stabi\u0146\u0161 nosl\u012bd\u0113ja l\u012bdz -24,5 gr\u0101diem. \u0160\u012b temperat\u016bra tika atk\u0101rtota ar\u012b tre\u0161dienas agr\u0101s r\u012bta stund\u0101s. \u0160\u0101ds sals ir iev\u0113rojams un rada papildu izaicin\u0101jumus gan iedz\u012bvot\u0101jiem, gan infrastrukt\u016brai. Aukstuma iemesls ir stabils anticiklons, kas virs Latvijas valda jau vair\u0101kas dienas, nodro\u0161inot skaidras debesis un veicinot gaisa strauju atdzi\u0161anu, \u012bpa\u0161i nakt\u012bs un bezv\u0113ja apst\u0101k\u013cos. \u0160is ir viens no barg\u0101kajiem salu periodiem p\u0113d\u0113jo gadu laik\u0101, un janv\u0101ris kopum\u0101 var\u0113tu k\u013c\u016bt par aukst\u0101ko m\u0113nesi kop\u0161 2010. gada vai pat 2011.\/2012. gada.<\/p>\n<p>Laika prognozes un gaid\u0101m\u0101s p\u0101rmai\u0146as<\/p>\n<p>N\u0101kamaj\u0101s dien\u0101s prognozes liecina, ka sals Latvij\u0101 saglab\u0101sies, viet\u0101m austrumu rajonos termometra stabi\u0146am nosl\u012bdot l\u012bdz pat -20 gr\u0101diem un zem\u0101k. Piekrastes rajonos temperat\u016bra b\u016bs nedaudz augst\u0101ka. Ned\u0113\u013cas s\u0101kum\u0101 gaid\u0101ms apm\u0101cies laiks ar snig\u0161anu, kas daudzviet Latvij\u0101 palielin\u0101s sniega segu. Lai gan prognozes ir main\u012bgas, kopum\u0101 ziemai rakstur\u012bg\u0101 negat\u012bv\u0101 gaisa temperat\u016bra saglab\u0101sies, atsevi\u0161\u0137\u0101s nakt\u012bs \u012bpa\u0161i austrumu novados gaid\u0101ms stiprs sals. Lai gan prec\u012bzas prognozes par n\u0101kamaj\u0101m ned\u0113\u013c\u0101m un m\u0113ne\u0161iem ir gr\u016bti sniegt, speci\u0101listi nor\u0101da uz iesp\u0113jam\u0101m kras\u0101m temperat\u016bras sv\u0101rst\u012bb\u0101m, kas var\u0113tu padar\u012bt 2026. gada febru\u0101ri par vienu no neprognoz\u0113jam\u0101kajiem m\u0113ne\u0161iem p\u0113d\u0113j\u0101 laik\u0101. Tiek prognoz\u0113ts, ka \u0161is janv\u0101ris var\u0113tu b\u016bt aukst\u0101kais kop\u0161 2010. gada, kad vid\u0113j\u0101 temperat\u016bra valst\u012b pazemin\u0101j\u0101s l\u012bdz -11,5 gr\u0101diem.<\/p>\n<p>Normas un klimatiskie dati<\/p>\n<p>Vid\u0113j\u0101 gaisa temperat\u016bra Latvij\u0101 janv\u0101ra pirmaj\u0101 dek\u0101d\u0113 bija -5,3 \u00b0C, kas ir par 2,6 gr\u0101diem zem dek\u0101des normas. Dek\u0101des minim\u0101l\u0101 gaisa temperat\u016bra -18,2 \u00b0C tika nov\u0113rota 8. janv\u0101r\u012b Rucav\u0101. Savuk\u0101rt diennakts vid\u0113j\u0101s gaisa temperat\u016bras norma 20. janv\u0101rim Latvij\u0101 ir -3,3 gr\u0101di, bet period\u0101 no 22. l\u012bdz 26. janv\u0101rim, k\u0101 ar\u012b 6. febru\u0101r\u012b, t\u0101 nosl\u012bd l\u012bdz -4,0 gr\u0101diem. \u0160\u0101ds sals ir viens no barg\u0101kajiem p\u0113d\u0113jo gadu laik\u0101, radot b\u016btisku novirzi no ierastajiem klimatiskajiem r\u0101d\u012bt\u0101jiem.<\/p>\n","protected":false},"excerpt":{"rendered":"Sp\u0113c\u012bgs sals p\u0101rkl\u0101j Latviju Otrdien Latvij\u0101 tika re\u0123istr\u0113ta diennakts vid\u0113j\u0101 gaisa temperat\u016bra -14,2 gr\u0101di, kas ir par 11&hellip;\n","protected":false},"author":2,"featured_media":113662,"comment_status":"","ping_status":"","sticky":false,"template":"","format":"standard","meta":{"footnotes":""},"categories":[5],"tags":[5869,23,28,29,32,33,22,152,30,31,35,39,38,36,37,34,40,20,26,27,16895,154,24,25,21],"class_list":{"0":"post-114401","1":"post","2":"type-post","3":"status-publish","4":"format-standard","5":"has-post-thumbnail","7":"category-aktualitates","8":"tag-ziema","9":"tag-aktualitates","10":"tag-breaking-news","11":"tag-breakingnews","12":"tag-featured-news","13":"tag-featurednews","14":"tag-headlines","15":"tag-laika-prognoze","16":"tag-latest-news","17":"tag-latestnews","18":"tag-latvia","19":"tag-latvian","20":"tag-latviesu","21":"tag-latviesu-valoda","22":"tag-latviesuvaloda","23":"tag-latvija","24":"tag-lv","25":"tag-news","26":"tag-popularakas-zinas","27":"tag-popularakaszinas","28":"tag-sals","29":"tag-temperatura","30":"tag-top-stories","31":"tag-topstories","32":"tag-zinas"},"share_on_mastodon":{"url":"https:\/\/pubeurope.com\/@lv\/115962729146258904","error":""},"_links":{"self":[{"href":"https:\/\/www.europesays.com\/lv\/wp-json\/wp\/v2\/posts\/114401","targetHints":{"allow":["GET"]}}],"collection":[{"href":"https:\/\/www.europesays.com\/lv\/wp-json\/wp\/v2\/posts"}],"about":[{"href":"https:\/\/www.europesays.com\/lv\/wp-json\/wp\/v2\/types\/post"}],"author":[{"embeddable":true,"href":"https:\/\/www.europesays.com\/lv\/wp-json\/wp\/v2\/users\/2"}],"replies":[{"embeddable":true,"href":"https:\/\/www.europesays.com\/lv\/wp-json\/wp\/v2\/comments?post=114401"}],"version-history":[{"count":0,"href":"https:\/\/www.europesays.com\/lv\/wp-json\/wp\/v2\/posts\/114401\/revisions"}],"wp:featuredmedia":[{"embeddable":true,"href":"https:\/\/www.europesays.com\/lv\/wp-json\/wp\/v2\/media\/113662"}],"wp:attachment":[{"href":"https:\/\/www.europesays.com\/lv\/wp-json\/wp\/v2\/media?parent=114401"}],"wp:term":[{"taxonomy":"category","embeddable":true,"href":"https:\/\/www.europesays.com\/lv\/wp-json\/wp\/v2\/categories?post=114401"},{"taxonomy":"post_tag","embeddable":true,"href":"https:\/\/www.europesays.com\/lv\/wp-json\/wp\/v2\/tags?post=114401"}],"curies":[{"name":"wp","href":"https:\/\/api.w.org\/{rel}","templated":true}]}}