{"id":114457,"date":"2026-01-26T20:33:15","date_gmt":"2026-01-26T20:33:15","guid":{"rendered":"https:\/\/www.europesays.com\/lv\/114457\/"},"modified":"2026-01-26T20:33:15","modified_gmt":"2026-01-26T20:33:15","slug":"krievija-izmanto-interpola-resursus-rezima-kritiku-vajasanai","status":"publish","type":"post","link":"https:\/\/www.europesays.com\/lv\/114457\/","title":{"rendered":"Krievija izmanto Interpola resursus re\u017e\u012bma kriti\u0137u vaj\u0101\u0161anai &#8211;"},"content":{"rendered":"<p style=\"text-align: justify;\">T\u016bksto\u0161iem Interpola trauksmes c\u0113l\u0113ja nopludin\u0101tu dokumentu pirmo reizi izce\u013c gaism\u0101 apm\u0113ru, k\u0101d\u0101 Krievija saviem m\u0113r\u0137iem izmanto starptautisko ties\u012bbsarg\u0101jo\u0161o a\u0123ent\u016bru, lai \u0101rzem\u0113s atrastu t\u0101s kriti\u0137us, raksta britu raidorganiz\u0101cija <a href=\"https:\/\/www.bbc.com\/news\/articles\/c20gg729y1yo\" target=\"_blank\" rel=\"noopener nofollow\">BBC.<\/a><\/p>\n<p style=\"text-align: justify;\">BBC World Service un Francijas p\u0113tnieciskajam medijam \u201cDisclose\u201d iesniegt\u0101 inform\u0101cija atkl\u0101j, ka Krievija izmanto Interpola mekl\u0113\u0161anas sarakstus, lai piepras\u012btu politisko oponentu, uz\u0146\u0113m\u0113ju un \u017eurn\u0101listu aiztur\u0113\u0161anu, pamatojoties ar it k\u0101 pastr\u0101d\u0101tiem noziegumiem. Datu anal\u012bze liecina, ka p\u0113d\u0113j\u0101s desmitgades laik\u0101 Interpola iek\u0161\u0113j\u0101 s\u016bdz\u012bbu izskat\u012b\u0161anas noda\u013ca pa Krieviju ir sa\u0146\u0113musi daudz vair\u0101k s\u016bdz\u016bbu nek\u0101 par jebkuru citu valsti. Turkl\u0101t s\u016bdz\u012bbas liku\u0161as ar\u012b atcelt vair\u0101k lietu nek\u0101 jebkuras citas valsts rosin\u0101to.<\/p>\n<p style=\"text-align: justify;\">P\u0113c Krievijas pilna m\u0113roga iebrukuma Ukrain\u0101 Interpol\u0101 tika ieviestas papildus p\u0101rbaudes Maskavas piepras\u012bjumiem, lai nov\u0113rstu potenci\u0101lu organiz\u0101cijas resursu izmanto\u0161anu nepareiziem m\u0113r\u0137iem. Tom\u0113r nopludin\u0101tie dokumenti liecina, ka tas nav trauc\u0113jis Krievija izmantot Interpolu sav\u0101m interes\u0113m, un trauksmes c\u0113l\u0113js inform\u0113ja, ka 2025.gad\u0101 organiz\u0101cija no \u0161iem m\u0113riem neuzkr\u012bto\u0161i atteic\u0101s.<\/p>\n<p style=\"text-align: justify;\">Interpols uz aps\u016bdz\u012bb\u0101m atbild\u0113ja, sakot, ka, pateicoties organiz\u0101cijas oper\u0101cij\u0101m, ik gadu tiek aiztur\u0113ti t\u016bksto\u0161iem b\u012bstamu noziedznieku, un p\u0113d\u0113jo gadu laik\u0101 ieviesta virkne sist\u0113mu, kas \u013cauj izvair\u012bties no ties\u012bbu p\u0101rk\u0101pumiem. T\u0101pat organiz\u0101cija apzinoties, k\u0101 iespaidu uz cilv\u0113kiem var atst\u0101t vi\u0146u iek\u013cau\u0161ana mekl\u0113to personu sarakst\u0101.<\/p>\n<blockquote>\n<p style=\"text-align: center;\">Krievu uz\u0146\u0113m\u0113js Igors Pestrikovs ir viens no tiem, kuru v\u0101rds par\u0101d\u0101s nopludin\u0101tajos dokumentos.<\/p>\n<\/blockquote>\n<p style=\"text-align: justify;\">Interpols nav starptautisk\u0101 policija, bet organiz\u0101cija pal\u012bdz da\u017e\u0101du valstu ties\u012bbsarg\u0101jo\u0161aj\u0101m iest\u0101d\u0113m. Sarkanais br\u012bdin\u0101jums ir pazi\u0146ojums, ko sa\u0146em visas 196 organiz\u0101cijas dal\u012bbvalstis, un tas noz\u012bm\u0113, ka ir j\u0101atrod un j\u0101apcietina konkr\u0113t\u0101 persona. Sarkanais pazi\u0146ojums darbojas l\u012bdz\u012bgi, bet tas tiek nos\u016bt\u012bts tikai atsevi\u0161\u0137\u0101m valst\u012bm. Pestrikovs p\u0113c Krievijas atst\u0101\u0161anas 2022.gada j\u016bnij\u0101 un patv\u0113ruma piepras\u012b\u0161anas Francij\u0101 uzzin\u0101ja, ka par vi\u0146u izsludin\u0101ts sarkanais pazi\u0146ojums. Vi\u0146\u0161 uzskat\u012bja, ka past\u0101vdivas iesp\u0113jas \u2013 doties uz policiju un pazi\u0146ot, ka vi\u0146\u0161 ir Interpola mekl\u0113to personu sarakst\u0101, vai k\u013c\u016bt zem\u0101kam par z\u0101li. Tas noz\u012bm\u0113ja, ka vi\u0146\u0161 nevar\u0113ja \u012br\u0113t m\u0101jokli un vi\u0146a bankas konti tika blo\u0137\u0113ti. Uz\u0146\u0113m\u0113js sac\u012bja, ka t\u0101 bija nep\u0101rtraukta spriedze, un vienm\u0113r pavad\u012bjsui saj\u016bta, ka j\u0101skat\u0101s p\u0101r plecu. Vi\u0146a meita un meitas m\u0101te dro\u0161\u012bbas labad p\u0101rc\u0113l\u0101s uz citu valsti.<\/p>\n<p style=\"text-align: justify;\">Pestrikovs Krievija bija nopietns lielo met\u0101la p\u0101rstr\u0101des uz\u0146\u0113mumu akcion\u0101rs. Tie bija 90.gados privatiz\u0113ti uz\u0146\u0113mumi, liel\u0101kais no tiem \u2013 Solikamskas magnija r\u016bpn\u012bca. Pirms 2022.gada pilna m\u0113roga iebrukuma Ukrain\u0101 vald\u012bba esot izdar\u012bjusi spiedienu, lai uz\u0146\u0113mums p\u0101rtrauktu produkcijas eksportu un apg\u0101d\u0101tu tikai Krievijas tirgu. Pestrikovs uzskata, ka tas noticis t\u0101d\u0113\u013c, lai izmantotu vi\u0146a uz\u0146\u0113muma produkciju milit\u0101raj\u0101 r\u016bpniec\u012bb\u0101. Uz\u0146\u0113m\u0113js uzsv\u0113ra, ka runa bija ne tikai par to, ka sara\u017eotais j\u0101p\u0101rdod par zem\u0101ku cenu un tiem, ko izv\u0113las vald\u012bba, bet ar\u012b par mor\u0101les jaut\u0101jumiem \u2013 neviens neesot grib\u0113jis pat netie\u0161i iesaist\u012bties n\u0101vi neso\u0161u r\u012bku ra\u017eo\u0161an\u0101. Vi\u0146\u0161 uzskata, ka pie uz\u0146\u0113muma p\u0101rie\u0161anas valsts \u012bpa\u0161um\u0101 un pa\u0161a aps\u016bdz\u0113\u0161anas finan\u0161u noziegumos noveda atteik\u0161an\u0101s sadarboties, un ar\u012b tas, ka vi\u0146a t\u0101 br\u012b\u017ea laul\u0101t\u0101 draudzene bija ukrainiete.<\/p>\n<p style=\"text-align: justify;\">P\u0113c aizb\u0113g\u0161anas uz Franciju Pestrikovs uztrauc\u0101s, ka Kremlis vi\u0146u var\u0113tu vaj\u0101t ar\u012b tur, t\u0101d\u0113\u013c sazin\u0101j\u0101s ar Interpolu un uzzin\u0101ja par sarkano pazi\u0146ojumu, kas par vi\u0146u izdots. Vi\u0146\u0161 nol\u0113ma to p\u0101rs\u016bdz\u0113t, izmantojot organiz\u0101cijas neatkar\u012bgo iek\u0161\u0113jo uzraugu CCF, un nor\u0101d\u012bja, ka Krievijas piepras\u012bjums ir politiski motiv\u0113ts. P\u0113c tam, kad Pestrikovs divus gadus bija atradies mekl\u0113to personu sarakst\u0101,<\/p>\n<blockquote>\n<p style=\"text-align: center;\">CCF pie\u0146\u0113ma l\u0113mumu, ka vi\u0146a lieta liel\u0101koties bijusi politiski motiv\u0113ta, un Interpols atc\u0113la vi\u0146a aiztur\u0113\u0161anas piepras\u012bjumu.<\/p>\n<\/blockquote>\n<p style=\"text-align: justify;\">Interpols sniedz ierobe\u017eotu inform\u0101ciju par nelikum\u012bgiem aresta piepras\u012bjumiem, un kop\u0161 2018.gada neatkl\u0101j, par kur\u0101m valst\u012bm sa\u0146em s\u016bdz\u012bbas un veic p\u0101rbaudes. Caursp\u012bd\u012bguma tr\u016bkums padara sare\u017e\u0123\u012btu probl\u0113mas apjoma nov\u0113rt\u0113\u0161anu, un nopludin\u0101tie dokumenti pirmo reizi par\u0101da piln\u012bg\u0101ku ainu.<\/p>\n<p style=\"text-align: justify;\">Nopludin\u0101to datu vid\u016b ir ar\u012b s\u016bdz\u012bbas, kas nodotas CCF. Lai gan inform\u0101cija nav piln\u012bga, t\u0101 aptver virkni valstu, un gad\u012bjumos, kad nor\u0101d\u012bta valsts, kas piepras\u012bjusi personas vai personu arestu, izteikti vair\u0101k s\u016bdz\u012bbu ir par Krieviju, un t\u0101 tas bijis p\u0113d\u0113jos 11 gadus. Pieejam\u0101 inform\u0101cija liecina, ka CCF s\u016bdz\u012bbas iesniegu\u0161i vismaz 700 Krievijas mekl\u0113tie cilv\u0113ki, un vismaz 400 gad\u012bjumos vi\u0146u lietas izbeigtas k\u0101 nepamatotas.<\/p>\n<p style=\"text-align: justify;\">Britu advok\u0101ts Bens K\u012bts (Ben Keith), kur\u0161 p\u0101rst\u0101v\u0113jis daudzus klientus, kas v\u0113l\u0113ju\u0161ies, lai vi\u0146u v\u0101rdi tiek iz\u0146emti no Interpola sarakstiem, sac\u012bja, ka Krievija v\u0113sturiski ir viena no galvenaj\u0101m sarkano br\u012bdin\u0101jumu izmantot\u0101j\u0101m sav\u0101s interes\u0113s. Vi\u0146\u0161 uzskata, ka Interpolam ir probl\u0113ma ar Krieviju, un organiz\u0101cija nedara pietiekami, lai nov\u0113rstu p\u0101rk\u0101pumus.<\/p>\n<p style=\"text-align: justify;\">Starptautiskais advok\u0101ts Jurijs Nemecs speci\u0101liz\u0113jas Interpola jaut\u0101jumis un izdo\u0161anas liet\u0101s, un piekr\u012bt, ka<\/p>\n<blockquote>\n<p style=\"text-align: center;\">organiz\u0101cijas veikt\u0101 Krievijas piepras\u012bjumu papildus p\u0101rbaude nav devusi rezult\u0101tu.<\/p>\n<\/blockquote>\n<p style=\"text-align: justify;\">Vi\u0146\u0161 zinot par virkni lietu, kur\u0101s krievi, kas iest\u0101ju\u0161ies pret karu ir sask\u0101ru\u0161ies ar vaj\u0101\u0161anu, un ievietoti Interpola datu b\u0101z\u0113 par finansi\u0101lu vai citu \u201cikdienas\u201d noziegumu pastr\u0101d\u0101\u0161anu.<\/p>\n<p style=\"text-align: justify;\">BBC ieg\u016bt\u0101 inform\u0101cija atkl\u0101jusi v\u0113l k\u0101du ce\u013cu, k\u0101 prettiesiski tiek izmantoti Interpola resursi. Nopludin\u0101tie iek\u0161\u0113j\u0101s sazi\u0146as sist\u0113mas zi\u0146ojumi par\u0101da, k\u0101 a\u0123enti Maskav\u0101 nos\u016bt\u012bju\u0161i zi\u0146u a\u0123entiem Abu Dabi, nor\u0101dot, ka Interpols atteicies izdot mekl\u0113\u0161anas pazi\u0146ojumu, bet tik un t\u0101 esot nepiecie\u0161ams noskaidrot personas atra\u0161\u0101n\u0101s vietu. Tas ir pretrun\u0101 Interpola vadl\u012bnij\u0101m.<\/p>\n<p style=\"text-align: justify;\">Starp nopludin\u0101taj\u0101m ir ar\u012b zi\u0146a par \u017eurn\u0101listu Armenu Aramjanu. Vi\u0146\u0161 Krieviju pameta p\u0113c tam, kad par report\u0101\u017eu par studentu protestiem opoz\u012bcijas l\u012bdera Alekseja Nava\u013cnija atbalstam tika aps\u016bdz\u0113ts par mazgad\u012bgo iesaist\u012b\u0161anu b\u012bstam\u0101s aktivit\u0101t\u0113s. Aramjans dev\u0101s uz Arm\u0113niju un p\u0113c tam uz V\u0101ciju. Krievijas zi\u0146a abu valstu varas iest\u0101d\u0113m apg\u0101ja form\u0101lo sarkano br\u012bdin\u0101jumu vai sarkano pazi\u0146ojumu, un piepras\u012bja jebk\u0101du noder\u012bgu inform\u0101ciju par Aramjanu. Zi\u0146a tika nos\u016bt\u012bta 2023.gada febru\u0101r\u012b, kad pret Krieviju bija v\u0113rsti ierobe\u017eojumi un katra zi\u0146a tika p\u0101rbaud\u012bta, t\u0101p\u0113c nevar dro\u0161i teikt, ka t\u0101 tikusi pieg\u0101d\u0101ta. Trauksmes c\u0113l\u0113js uzskata, ka tas noticis.<\/p>\n<blockquote>\n<p style=\"text-align: center;\">Aramjans par zi\u0146u bija \u0161ok\u0113ts, tom\u0113r nor\u0101d\u012bja, ka nav p\u0101rsteigts,<\/p>\n<\/blockquote>\n<p style=\"text-align: justify;\">un sac\u012bja \u2013 nedom\u0101, ka V\u0101cija b\u016btu krieviem nodevusi vi\u0146a adresi, telefona numuru vai izdevusi vi\u0146u, tom\u0113r Maskavai esot noder\u012bgs katrs inform\u0101cijas krikums, ko t\u0101 var ieg\u016bt.<\/p>\n<p style=\"text-align: justify;\">BBC ieguvusi ar\u012b pieeju iek\u0161\u0113jai sazi\u0146ai, kas liecina, ka Interpola augst\u0101k\u0101s amatpersonas ir noraiz\u0113ju\u0161\u0101s par Krievijas aktivit\u0101t\u0113m.<\/p>\n<p style=\"text-align: justify;\">Par sp\u012bti papildu ierobe\u017eojumiem redzams, ka 2024.gad\u0101 apm\u0113ram 90% no Krievijas veiktajiem piepras\u012bjumiem izg\u0101ja s\u0101kotn\u0113j\u0101s p\u0101rbaudes. Taj\u0101 pa\u0161\u0101 laik\u0101 CCF atc\u0113la apm\u0113ram pusi piepras\u012bjumu, par kuriem t\u0101 sa\u0146\u0113ma s\u016bdz\u012bbas, un l\u012bdz ar to rodas jaut\u0101jums, vai p\u0101rbaudes biju\u0161as gana stingras.<\/p>\n<p style=\"text-align: justify;\">2024.gad\u0101 Maskava pat cent\u0101s pan\u0101kt, ka mekl\u0113\u0161an\u0101 tiek izsludin\u0101ti Starptautisk\u0101s krimin\u0101ltiesas tiesne\u0161i un prokurors, kuri piedal\u012bj\u0101s l\u0113muma pie\u0146em\u0161an\u0101 par aresta ordera izsnieg\u0161anu Krievijas diktatoram Vladimiram Putinam. Toreiz krievu centieni tika noraid\u012bti.<\/p>\n<p style=\"text-align: justify;\">Gan Nemecs, gan K\u012bts uzskata, ka Interpols var\u0113tu dar\u012bt vair\u0101k, lai nov\u0113rstu t\u0101 sist\u0113mu nepareizu izmanto\u0161anu.<\/p>\n<p style=\"text-align: justify;\"><a href=\"https:\/\/bnn.lv\/igaunijas-valdiba-lemj-par-stingrakiem-robezas-skersosanas-noteikumiem-krievu-diplomatiem-69817\" rel=\"nofollow noopener\" target=\"_blank\">Lasiet ar\u012b: Igaunijas vald\u012bba lemj par stingr\u0101kiem robe\u017eas s\u0137\u0113rso\u0161anas noteikumiem krievu diplom\u0101tiem<\/a><\/p>\n<p>Seko mums ar\u012b\u00a0<a href=\"https:\/\/www.facebook.com\/bnnlv\" rel=\"nofollow noopener\" target=\"_blank\">Facebook<\/a>,\u00a0<a href=\"https:\/\/www.draugiem.lv\/bnn.lv\/\" rel=\"nofollow noopener\" target=\"_blank\">Draugiem<\/a>\u00a0un\u00a0<a href=\"https:\/\/twitter.com\/home\" rel=\"nofollow noopener\" target=\"_blank\">X<\/a>!<\/p>\n<p><script async src=\"https:\/\/platform.twitter.com\/widgets.js\" charset=\"utf-8\"><\/script><\/p>\n","protected":false},"excerpt":{"rendered":"T\u016bksto\u0161iem Interpola trauksmes c\u0113l\u0113ja nopludin\u0101tu dokumentu pirmo reizi izce\u013c gaism\u0101 apm\u0113ru, k\u0101d\u0101 Krievija saviem m\u0113r\u0137iem izmanto starptautisko ties\u012bbsarg\u0101jo\u0161o&hellip;\n","protected":false},"author":2,"featured_media":114458,"comment_status":"","ping_status":"","sticky":false,"template":"","format":"standard","meta":{"footnotes":""},"categories":[14],"tags":[23,57,28,29,32,33,22,21493,26672,3354,234,30,31,35,39,38,36,37,34,40,26673,20,26,27,25884,24,25,54,55,56,21,58],"class_list":{"0":"post-114457","1":"post","2":"type-post","3":"status-publish","4":"format-standard","5":"has-post-thumbnail","7":"category-zinas-no-arvalstim","8":"tag-aktualitates","9":"tag-arvalstim","10":"tag-breaking-news","11":"tag-breakingnews","12":"tag-featured-news","13":"tag-featurednews","14":"tag-headlines","15":"tag-interpols","16":"tag-izludinata-meklesana","17":"tag-kars-ukraina","18":"tag-krievija","19":"tag-latest-news","20":"tag-latestnews","21":"tag-latvia","22":"tag-latvian","23":"tag-latviesu","24":"tag-latviesu-valoda","25":"tag-latviesuvaloda","26":"tag-latvija","27":"tag-lv","28":"tag-mekleto-personu-saraksts","29":"tag-news","30":"tag-popularakas-zinas","31":"tag-popularakaszinas","32":"tag-svarigi","33":"tag-top-stories","34":"tag-topstories","35":"tag-world","36":"tag-world-news","37":"tag-worldnews","38":"tag-zinas","39":"tag-zinas-no-arvalstim"},"share_on_mastodon":{"url":"https:\/\/pubeurope.com\/@lv\/115963311115316298","error":""},"_links":{"self":[{"href":"https:\/\/www.europesays.com\/lv\/wp-json\/wp\/v2\/posts\/114457","targetHints":{"allow":["GET"]}}],"collection":[{"href":"https:\/\/www.europesays.com\/lv\/wp-json\/wp\/v2\/posts"}],"about":[{"href":"https:\/\/www.europesays.com\/lv\/wp-json\/wp\/v2\/types\/post"}],"author":[{"embeddable":true,"href":"https:\/\/www.europesays.com\/lv\/wp-json\/wp\/v2\/users\/2"}],"replies":[{"embeddable":true,"href":"https:\/\/www.europesays.com\/lv\/wp-json\/wp\/v2\/comments?post=114457"}],"version-history":[{"count":0,"href":"https:\/\/www.europesays.com\/lv\/wp-json\/wp\/v2\/posts\/114457\/revisions"}],"wp:featuredmedia":[{"embeddable":true,"href":"https:\/\/www.europesays.com\/lv\/wp-json\/wp\/v2\/media\/114458"}],"wp:attachment":[{"href":"https:\/\/www.europesays.com\/lv\/wp-json\/wp\/v2\/media?parent=114457"}],"wp:term":[{"taxonomy":"category","embeddable":true,"href":"https:\/\/www.europesays.com\/lv\/wp-json\/wp\/v2\/categories?post=114457"},{"taxonomy":"post_tag","embeddable":true,"href":"https:\/\/www.europesays.com\/lv\/wp-json\/wp\/v2\/tags?post=114457"}],"curies":[{"name":"wp","href":"https:\/\/api.w.org\/{rel}","templated":true}]}}