{"id":114473,"date":"2026-01-26T21:15:07","date_gmt":"2026-01-26T21:15:07","guid":{"rendered":"https:\/\/www.europesays.com\/lv\/114473\/"},"modified":"2026-01-26T21:15:07","modified_gmt":"2026-01-26T21:15:07","slug":"krievijas-prezidents-nav-gatavs-citam-risinajumam-ka-ukrainas-kapitulacijai-pazino-vestnieks","status":"publish","type":"post","link":"https:\/\/www.europesays.com\/lv\/114473\/","title":{"rendered":"Krievijas prezidents nav gatavs citam risin\u0101jumam k\u0101 Ukrainas kapitul\u0101cijai, pazi\u0146o v\u0113stnieks"},"content":{"rendered":"<p>Atg\u0101dinot, ka tie\u0161i ASV bija vien\u012bg\u0101 valsts, kas iedarbin\u0101ja NATO l\u012bguma 5. pantu p\u0113c 2001. gada 11. septembra terora aktiem, un sabiedrotie, tostarp Latvija, dev\u0101s pal\u012bg\u0101, Rieksti\u0146\u0161 atz\u012bm\u0113ja, ka NATO kolekt\u012bv\u0101 aizsardz\u012bba balst\u0101s princip\u0101 &#8220;viens par visiem, visi par vienu&#8221;, un nepiecie\u0161am\u012bbas gad\u012bjum\u0101 Latvija sagaid\u012btu pal\u012bdz\u012bbu no visiem sabiedrotajiem.<\/p>\n<p>Raid\u012bjum\u0101 tika piemin\u0113ts, ka Latvijas \u0100rpolitikas instit\u016bta vad\u012bt\u0101js K\u0101rlis Bukovskis atz\u012bm\u0113jis, ka ASV prezidenta retorika, tostarp par Grenlandi, Eirop\u0101 atst\u0101s palieko\u0161u iespaidu, kas skars ar\u012b NATO. Rieksti\u0146\u0161 atg\u0101din\u0101ja, ka Tramps nav pirmais ASV l\u012bderis, kur\u0161 m\u0113\u0123in\u0101jis p\u0101rskat\u012bt Grenlandes lomu ASV dro\u0161\u012bbas sist\u0113m\u0101, ta\u010du vi\u0146\u0161 to dara agres\u012bv\u0101k\u0101 stil\u0101.<\/p>\n<p>Latvijas v\u0113stnieks NATO sac\u012bja, ka p\u0113c Pasaules Ekonomikas foruma Davos\u0101 publisk\u0101 retorika par Grenlandi ir mazin\u0101jusies un turpm\u0101k jaut\u0101jums tiks risin\u0101ts tie\u0161\u0101s sarun\u0101s starp ASV, D\u0101niju un Grenlandi, k\u0101 ar\u012b NATO l\u012bmen\u012b, stiprinot dro\u0161\u012bbu Arktik\u0101.<\/p>\n<p>Savuk\u0101rt, koment\u0113jot Ukrainas prezidenta Volodimira Zelenska Davos\u0101 pausto, ka Eiropa nav k\u013cuvusi gatav\u0101ka sevi aizst\u0101v\u0113t, Rieksti\u0146\u0161 tam nepiekrita, uzsverot iev\u0113rojamos finan\u0161u l\u012bdzek\u013cus, ko Eiropas valstis ieguld\u012bju\u0161as atbalst\u0101 Ukrainai, tostarp iep\u0113rkot bru\u0146ojumu no ASV.<\/p>\n","protected":false},"excerpt":{"rendered":"Atg\u0101dinot, ka tie\u0161i ASV bija vien\u012bg\u0101 valsts, kas iedarbin\u0101ja NATO l\u012bguma 5. pantu p\u0113c 2001. gada 11. septembra&hellip;\n","protected":false},"author":2,"featured_media":114474,"comment_status":"","ping_status":"","sticky":false,"template":"","format":"standard","meta":{"footnotes":""},"categories":[14],"tags":[23,57,28,29,32,33,22,234,74,30,31,35,39,38,36,37,34,40,6756,20,26,27,24,25,54,55,56,21,58],"class_list":{"0":"post-114473","1":"post","2":"type-post","3":"status-publish","4":"format-standard","5":"has-post-thumbnail","7":"category-zinas-no-arvalstim","8":"tag-aktualitates","9":"tag-arvalstim","10":"tag-breaking-news","11":"tag-breakingnews","12":"tag-featured-news","13":"tag-featurednews","14":"tag-headlines","15":"tag-krievija","16":"tag-krievijas-iebrukums-ukraina","17":"tag-latest-news","18":"tag-latestnews","19":"tag-latvia","20":"tag-latvian","21":"tag-latviesu","22":"tag-latviesu-valoda","23":"tag-latviesuvaloda","24":"tag-latvija","25":"tag-lv","26":"tag-maris-riekstins","27":"tag-news","28":"tag-popularakas-zinas","29":"tag-popularakaszinas","30":"tag-top-stories","31":"tag-topstories","32":"tag-world","33":"tag-world-news","34":"tag-worldnews","35":"tag-zinas","36":"tag-zinas-no-arvalstim"},"share_on_mastodon":{"url":"https:\/\/pubeurope.com\/@lv\/115963476245106200","error":""},"_links":{"self":[{"href":"https:\/\/www.europesays.com\/lv\/wp-json\/wp\/v2\/posts\/114473","targetHints":{"allow":["GET"]}}],"collection":[{"href":"https:\/\/www.europesays.com\/lv\/wp-json\/wp\/v2\/posts"}],"about":[{"href":"https:\/\/www.europesays.com\/lv\/wp-json\/wp\/v2\/types\/post"}],"author":[{"embeddable":true,"href":"https:\/\/www.europesays.com\/lv\/wp-json\/wp\/v2\/users\/2"}],"replies":[{"embeddable":true,"href":"https:\/\/www.europesays.com\/lv\/wp-json\/wp\/v2\/comments?post=114473"}],"version-history":[{"count":0,"href":"https:\/\/www.europesays.com\/lv\/wp-json\/wp\/v2\/posts\/114473\/revisions"}],"wp:featuredmedia":[{"embeddable":true,"href":"https:\/\/www.europesays.com\/lv\/wp-json\/wp\/v2\/media\/114474"}],"wp:attachment":[{"href":"https:\/\/www.europesays.com\/lv\/wp-json\/wp\/v2\/media?parent=114473"}],"wp:term":[{"taxonomy":"category","embeddable":true,"href":"https:\/\/www.europesays.com\/lv\/wp-json\/wp\/v2\/categories?post=114473"},{"taxonomy":"post_tag","embeddable":true,"href":"https:\/\/www.europesays.com\/lv\/wp-json\/wp\/v2\/tags?post=114473"}],"curies":[{"name":"wp","href":"https:\/\/api.w.org\/{rel}","templated":true}]}}