{"id":114490,"date":"2026-01-26T22:01:09","date_gmt":"2026-01-26T22:01:09","guid":{"rendered":"https:\/\/www.europesays.com\/lv\/114490\/"},"modified":"2026-01-26T22:01:09","modified_gmt":"2026-01-26T22:01:09","slug":"krastina-piesaiste-izlasei-izskirosa-bijusi-federacijas-prezidenta-tuntes-aizrautiba-volejbols-sportacentrs-com","status":"publish","type":"post","link":"https:\/\/www.europesays.com\/lv\/114490\/","title":{"rendered":"Krasti\u0146a piesaist\u0113 izlasei iz\u0161\u0137iro\u0161a bijusi feder\u0101cijas prezidenta Tuntes aizraut\u012bba \u2013 Volejbols \u2013 Sportacentrs.com"},"content":{"rendered":"<p><a href=\"https:\/\/sportacentrs.com\/volejbols\/izlases\/24012026-viriesu_volejbola_izlasi_vadis\" target=\"_self\" rel=\"nofollow noopener\">Jau v\u0113st\u012bts, ka par Latvijas v\u012brie\u0161u volejbola izlases galveno treneri iecelts U\u0123is Krasti\u0146\u0161.<\/a> Treneris no 2017. l\u012bdz 2023. gadam vad\u012bja Ukrainas v\u012brie\u0161u valstsvien\u012bbu. Vi\u0146a vad\u012bb\u0101 Ukraina 2023. gada pasaules \u010dempion\u0101t\u0101 sasniedza ceturtda\u013cfin\u0101lu, fini\u0161\u0113jot sept\u012btaj\u0101 viet\u0101, kas ir lab\u0101kais sasniegums Ukrainas volejbola v\u0113stur\u0113. T\u0101pat Krasti\u0146a vad\u012bb\u0101 ukrai\u0146i ar\u012b sp\u0113l\u0113ja 2019. gada Eiropas \u010dempion\u0101ta ceturtda\u013cfin\u0101l\u0101.<\/p>\n<p>Iepriek\u0161 2008. un 2009. gad\u0101 Krasti\u0146\u0161 bija Latvijas v\u012brie\u0161u valstsvien\u012bbas galven\u0101 trenera asistents. Klubu l\u012bmen\u012b 55 gadus vecais Krasti\u0146\u0161 tren\u0113jis Somijas augst\u0101k\u0101s l\u012bgas vien\u012bbu &#8221;VaLePa&#8221;, bet kop\u0161 2016.\/2017. gada sezonas tren\u0113 Ukrainas klubu \u013bvivas &#8221;Barkom-Kazany&#8221;, kas \u0161obr\u012bd sp\u0113l\u0113 Polijas \u010dempion\u0101ta Plus l\u012bg\u0101.<\/p>\n<p>Iz\u0137iro\u0161a bija Latvijas Volejbola feder\u0101cijas prezidenta Ar\u0146a Tuntes aizraut\u012bba un neatlaid\u012bba. \u2018\u2019Sazvan\u012bj\u0101mies septembr\u012b, zinu, ka feder\u0101cijai bija ar\u012b citi kandid\u0101ti, bet pag\u0101ju\u0161aj\u0101 ned\u0113\u013c\u0101 sekoja v\u0113l viens zvans, un m\u0113s vienoj\u0101mies diezgan \u0101tri. Man pat\u012bk ener\u0123ija, ar k\u0101du vi\u0146\u0161 pieiet liet\u0101m. T\u0101 pieeja pavilka ar\u012b mani. Run\u0101j\u0101m ar\u012b pirms vair\u0101kiem gadiem, ta\u010du tobr\u012bd nebiju gatavs. Septi\u0146us gadus biju str\u0101d\u0101jis gan ar klubu, gan Ukrainas izlasi, kas pras\u012bja milz\u012bgu pa\u0161atdevi un ieguld\u012bjumu. Tas posms sakrita gan ar covid laiku, gan ar nol\u0101d\u0113to karu, tas viss no manis bija pa\u0146\u0113mis \u013coti daudz,\u2019\u2019 sarun\u0101 ar port\u0101lu Sportacentrs.com nesl\u0113pj U\u0123is Krasti\u0146\u0161.<\/p>\n<p>\u2018\u2019Izlase \u0161obr\u012bd ir kvalific\u0113jusies Eiropas \u010dempion\u0101ta fin\u0101lturn\u012bram \u2013 j\u0101, esmu par to priec\u012bgs, k\u0101 Latvijas volejbola cilv\u0113ks, ta\u010du, vai tas bija iz\u0161\u0137iro\u0161s arguments, lai piekristu darbam \u2013 absol\u016bti n\u0113! Esmu piedal\u012bjies Eiropas \u010dempion\u0101tos gan k\u0101 sp\u0113l\u0113t\u0101js, gan k\u0101 treneris. Labi apzinos to intensit\u0101ti un zinu, ko prasa tur izc\u012bn\u012bt k\u0101du uzvaru,\u2019\u2019 teic treneris. \u2018\u2019Izlases specifika paredz, ka tev ir j\u0101str\u0101d\u0101 ar tiem sp\u0113l\u0113t\u0101ju resursiem, k\u0101di tev ir. Klub\u0101 un izlas\u0113 darbs ats\u0137iras iev\u0113rojami, to pateiks visu izla\u0161u treneri,\u2019\u2019 piebilst Krasti\u0146\u0161.<\/p>\n<p>Gatavo\u0161anos vi\u0146a vad\u012bb\u0101 izlase, visticam\u0101k, s\u0101ks maij\u0101, kam sekos starts Eiropas l\u012bg\u0101, bet p\u0113c\u0101k septembr\u012b ar\u012b izlases dal\u012bba E\u010c fin\u0101lturn\u012br\u0101. Treneris nesl\u0113pj, ka asistentus mekl\u0113s Latvijas treneru vid\u016b. \u2018\u2019\u0160obr\u012bd galvenais ir apzin\u0101t izlases kandid\u0101tu loku. Esmu sekojis Latvijas volejbolam, ta\u010du sarun\u0101s ar viet\u0113jo klubu treneriem tagad cent\u012b\u0161os ieg\u016bt konkr\u0113t\u0101ku bildi. Jau vakar aprun\u0101jos ar Raimondu Vildi, t\u0101pat pl\u0101noju run\u0101t ar\u012b ar M\u0101rci Obrumani un Rihardu Pu\u0137\u012bti. Vi\u0146i b\u016bs pirmie cilv\u0113ki, ar kuriem run\u0101\u0161u un konsult\u0113\u0161os,\u2019\u2019  skaidro Krasti\u0146\u0161.<\/p>\n<p>Jau \u0161obr\u012bd ir skaidrs, ka viens no Krasti\u0146a asistentiem izlas\u0113 b\u016bs Art\u016brs Tinte, ar kuru kop\u0101 str\u0101d\u0101ts jau ilg\u0101ku laiku gan klub\u0101, gan Ukrainas izlas\u0113. \u2018\u2019Savu komandu v\u0113los veidot no latvie\u0161u treneriem. Mums netr\u016bkst speci\u0101listi, kuri ir sp\u0113j\u012bgi str\u0101d\u0101t, \u0101rzemnieku virzien\u0101 es neskatos,\u2019\u2019 p\u0101rliecin\u0101ti teic treneris, kur\u0161 2008. un 2009. gad\u0101 bija Latvijas v\u012brie\u0161u valstsvien\u012bbas galven\u0101 trenera Raimonda Vildes asistents.<\/p>\n<p>Vieno\u0161an\u0101s ar Latvijas Volejbola feder\u0101ciju \u0161obr\u012bd pan\u0101kta uz posmu l\u012bdz Eiropas \u010dempon\u0101ta beig\u0101m. \u2018\u2019Man nekad nav patiku\u0161i ilgtermi\u0146a l\u012bgumi. Ar\u012b klub\u0101 l\u012bgumus sl\u0113dzu uz vienu sezonu. Tie ilgtermi\u0146a l\u012bgumi neko negarant\u0113, nav t\u0101 v\u0113rti,\u2019\u2019 saka Krasti\u0146\u0161.<\/p>\n<p>Sarunas nosl\u0113gum\u0101 treneris nesl\u0113pj, ka izaicin\u0101jums vi\u0146am b\u016bs treni\u0146u vad\u012b\u0161ana latvie\u0161u valod\u0101. \u2018\u2019P\u0113d\u0113jos gados treni\u0146us esmu vad\u012bjis vis\u0101d\u0101s valod\u0101s, tikai ne latvie\u0161u. B\u016bs j\u0101piedom\u0101, k\u0101dus v\u0101rdus un fr\u0101zes likt liet\u0101,\u2019\u2019 smejot teic treneris.<\/p>\n<p>L\u016bgts past\u0101st\u012bt par \u2018\u2019Barkom\u2019\u2019 kluba veikumu Polijas \u010dempion\u0101t\u0101, Krasti\u0146\u0161 st\u0101sta, ka sezonu komanda ies\u0101kusi labi, bet tad uzvaru g\u0101jiens apst\u0101jies. \u2018\u2019Tam ir gan objekt\u012bvi, gan subjekt\u012bvi iemesli. Zaud\u0113jumu s\u0113rijas laik\u0101 mums n\u0101kas daudz str\u0101d\u0101t pie sp\u0113l\u0113t\u0101ju psiholo\u0123ijas. Sezona ir saspringta. P\u0113d\u0113jo sp\u0113li uzvar\u0113j\u0101m, bet jau \u0161odien esam z\u0101l\u0113 un turpin\u0101m gatavo\u0161anos sezonas turpin\u0101jumam. P\u0113d\u0113j\u0101 sp\u0113l\u0113 apsp\u0113l\u0113j\u0101m olimpiskos \u010dempionus, pasaules \u010dempionus, ta\u010du tu t\u0101 esi pie t\u0101 pieradis, ka tas nerada papildus ener\u0123iju. Tu jau nesp\u0113l\u0113 pret uzv\u0101rdiem, bet pret sp\u0113l\u0113t\u0101ju skiliem (prasm\u0113m),\u2019\u2019 teic treneris, kura vad\u012bt\u0101 \u013bvivas komanda Polijas \u010dempion\u0101t\u0101 ie\u0146em 12. vietu 14 komandu konkurenc\u0113.<\/p>\n","protected":false},"excerpt":{"rendered":"Jau v\u0113st\u012bts, ka par Latvijas v\u012brie\u0161u volejbola izlases galveno treneri iecelts U\u0123is Krasti\u0146\u0161. Treneris no 2017. l\u012bdz 2023.&hellip;\n","protected":false},"author":2,"featured_media":114491,"comment_status":"","ping_status":"","sticky":false,"template":"","format":"standard","meta":{"footnotes":""},"categories":[17],"tags":[35,39,38,36,37,34,40,67,1208],"class_list":{"0":"post-114490","1":"post","2":"type-post","3":"status-publish","4":"format-standard","5":"has-post-thumbnail","7":"category-sports","8":"tag-latvia","9":"tag-latvian","10":"tag-latviesu","11":"tag-latviesu-valoda","12":"tag-latviesuvaloda","13":"tag-latvija","14":"tag-lv","15":"tag-sports","16":"tag-volejbols"},"share_on_mastodon":{"url":"https:\/\/pubeurope.com\/@lv\/115963657096815623","error":""},"_links":{"self":[{"href":"https:\/\/www.europesays.com\/lv\/wp-json\/wp\/v2\/posts\/114490","targetHints":{"allow":["GET"]}}],"collection":[{"href":"https:\/\/www.europesays.com\/lv\/wp-json\/wp\/v2\/posts"}],"about":[{"href":"https:\/\/www.europesays.com\/lv\/wp-json\/wp\/v2\/types\/post"}],"author":[{"embeddable":true,"href":"https:\/\/www.europesays.com\/lv\/wp-json\/wp\/v2\/users\/2"}],"replies":[{"embeddable":true,"href":"https:\/\/www.europesays.com\/lv\/wp-json\/wp\/v2\/comments?post=114490"}],"version-history":[{"count":0,"href":"https:\/\/www.europesays.com\/lv\/wp-json\/wp\/v2\/posts\/114490\/revisions"}],"wp:featuredmedia":[{"embeddable":true,"href":"https:\/\/www.europesays.com\/lv\/wp-json\/wp\/v2\/media\/114491"}],"wp:attachment":[{"href":"https:\/\/www.europesays.com\/lv\/wp-json\/wp\/v2\/media?parent=114490"}],"wp:term":[{"taxonomy":"category","embeddable":true,"href":"https:\/\/www.europesays.com\/lv\/wp-json\/wp\/v2\/categories?post=114490"},{"taxonomy":"post_tag","embeddable":true,"href":"https:\/\/www.europesays.com\/lv\/wp-json\/wp\/v2\/tags?post=114490"}],"curies":[{"name":"wp","href":"https:\/\/api.w.org\/{rel}","templated":true}]}}