{"id":114496,"date":"2026-01-26T22:11:17","date_gmt":"2026-01-26T22:11:17","guid":{"rendered":"https:\/\/www.europesays.com\/lv\/114496\/"},"modified":"2026-01-26T22:11:17","modified_gmt":"2026-01-26T22:11:17","slug":"silina-ka-goda-viesna-dosies-uz-olimpiskajam-spelem-ar-premjeri-kopa-bus-tris-pavadosas-personas","status":"publish","type":"post","link":"https:\/\/www.europesays.com\/lv\/114496\/","title":{"rendered":"Sili\u0146a k\u0101 goda vie\u0161\u0146a dosies uz olimpiskaj\u0101m sp\u0113l\u0113m. Ar premjeri kop\u0101 b\u016bs tr\u012bs pavado\u0161\u0101s personas"},"content":{"rendered":"<p>Sili\u0146a, Valsts prezidents Edgars Rink\u0113vi\u010ds un izgl\u012bt\u012bbas un zin\u0101tnes ministre Dace Melb\u0101rde (JV) iek\u013cauti Latvijas Olimpiskaj\u0101 deleg\u0101cij\u0101 &#8220;Mil\u0101na-Kort\u012bna 2026&#8221; k\u0101 goda viesi.<\/p>\n<p>Ar Sili\u0146u uz It\u0101liju dosies ar\u012b tr\u012bs vi\u0146as biroja p\u0101rst\u0101ves &#8211; t\u0101 vad\u012bt\u0101ja Ieva Z\u012bberga, konsultante protokola jaut\u0101jumos Skaidr\u012bte Zar\u0101ne, k\u0101 ar\u012b konsultante digit\u0101l\u0101s komunik\u0101cijas jaut\u0101jumos Paula Muizinika.<\/p>\n<p>\u0160\u012bs b\u016bs pirm\u0101s <a href=\"https:\/\/www.apollo.lv\/term\/557014\/olimpiskas-speles\" class=\"topicLink\" target=\"_blank\" rel=\"nofollow noopener\">olimpisk\u0101s sp\u0113les<\/a>, kuras Sili\u0146a k\u0101 amatpersona apmekl\u0113s.<\/p>\n<p>Jau v\u0113st\u012bts, ka Latvijas Olimpisk\u0101s komitejas apstiprin\u0101taj\u0101 Latvijas deleg\u0101cij\u0101 b\u016bs 68 sportisti, kas ir visu laiku liel\u0101k\u0101 p\u0101rst\u0101vniec\u012bba ziemas olimpiskaj\u0101s sp\u0113l\u0113s. N\u0101kam\u0101s <a href=\"https:\/\/www.apollo.lv\/term\/556873\/ziemas-olimpiskas-speles\" class=\"topicLink\" target=\"_blank\" rel=\"nofollow noopener\">ziemas olimpisk\u0101s sp\u0113les<\/a> notiks no 6. l\u012bdz 22. febru\u0101rim.<\/p>\n","protected":false},"excerpt":{"rendered":"Sili\u0146a, Valsts prezidents Edgars Rink\u0113vi\u010ds un izgl\u012bt\u012bbas un zin\u0101tnes ministre Dace Melb\u0101rde (JV) iek\u013cauti Latvijas Olimpiskaj\u0101 deleg\u0101cij\u0101 &#8220;Mil\u0101na-Kort\u012bna&hellip;\n","protected":false},"author":2,"featured_media":114497,"comment_status":"","ping_status":"","sticky":false,"template":"","format":"standard","meta":{"footnotes":""},"categories":[5],"tags":[23,28,29,1249,32,33,22,30,31,35,39,38,36,37,34,2108,40,20,1500,26,27,24,25,527,21],"class_list":{"0":"post-114496","1":"post","2":"type-post","3":"status-publish","4":"format-standard","5":"has-post-thumbnail","7":"category-aktualitates","8":"tag-aktualitates","9":"tag-breaking-news","10":"tag-breakingnews","11":"tag-evika-silina","12":"tag-featured-news","13":"tag-featurednews","14":"tag-headlines","15":"tag-latest-news","16":"tag-latestnews","17":"tag-latvia","18":"tag-latvian","19":"tag-latviesu","20":"tag-latviesu-valoda","21":"tag-latviesuvaloda","22":"tag-latvija","23":"tag-latvija-olimpiskajas-speles","24":"tag-lv","25":"tag-news","26":"tag-olimpiskas-speles","27":"tag-popularakas-zinas","28":"tag-popularakaszinas","29":"tag-top-stories","30":"tag-topstories","31":"tag-ziemas-olimpiskas-speles","32":"tag-zinas"},"share_on_mastodon":{"url":"https:\/\/pubeurope.com\/@lv\/115963696434095744","error":""},"_links":{"self":[{"href":"https:\/\/www.europesays.com\/lv\/wp-json\/wp\/v2\/posts\/114496","targetHints":{"allow":["GET"]}}],"collection":[{"href":"https:\/\/www.europesays.com\/lv\/wp-json\/wp\/v2\/posts"}],"about":[{"href":"https:\/\/www.europesays.com\/lv\/wp-json\/wp\/v2\/types\/post"}],"author":[{"embeddable":true,"href":"https:\/\/www.europesays.com\/lv\/wp-json\/wp\/v2\/users\/2"}],"replies":[{"embeddable":true,"href":"https:\/\/www.europesays.com\/lv\/wp-json\/wp\/v2\/comments?post=114496"}],"version-history":[{"count":0,"href":"https:\/\/www.europesays.com\/lv\/wp-json\/wp\/v2\/posts\/114496\/revisions"}],"wp:featuredmedia":[{"embeddable":true,"href":"https:\/\/www.europesays.com\/lv\/wp-json\/wp\/v2\/media\/114497"}],"wp:attachment":[{"href":"https:\/\/www.europesays.com\/lv\/wp-json\/wp\/v2\/media?parent=114496"}],"wp:term":[{"taxonomy":"category","embeddable":true,"href":"https:\/\/www.europesays.com\/lv\/wp-json\/wp\/v2\/categories?post=114496"},{"taxonomy":"post_tag","embeddable":true,"href":"https:\/\/www.europesays.com\/lv\/wp-json\/wp\/v2\/tags?post=114496"}],"curies":[{"name":"wp","href":"https:\/\/api.w.org\/{rel}","templated":true}]}}