{"id":114500,"date":"2026-01-26T22:24:08","date_gmt":"2026-01-26T22:24:08","guid":{"rendered":"https:\/\/www.europesays.com\/lv\/114500\/"},"modified":"2026-01-26T22:24:08","modified_gmt":"2026-01-26T22:24:08","slug":"kapec-ir-verts-sakt-fotografet-ar-iphone-2","status":"publish","type":"post","link":"https:\/\/www.europesays.com\/lv\/114500\/","title":{"rendered":"k\u0101p\u0113c ir v\u0113rts s\u0101kt fotograf\u0113t ar iPhone"},"content":{"rendered":"<p class=\"MsoNormal\">Abi viedt\u0101lru\u0146i ir apr\u012bkoti ar trim 48 MP aizmugures kamer\u0101m: Fusion Main, Fusion Ultra Wide un Fusion Telephoto. Kameru sist\u0113ma pied\u0101v\u0101 iespaid\u012bgu optisko t\u0101lummai\u0146u l\u012bdz pat 16\u00d7 gan tuvpl\u0101nu, gan panor\u0101mas skatu uz\u0146em\u0161anai, k\u0101 ar\u012b digit\u0101lo t\u0101lummai\u0146u l\u012bdz 40\u00d7. Savuk\u0101rt iPhone 17 ar 48 MP Dual Fusion kameru sist\u0113mu nodro\u0161ina 4\u00d7 optisko un l\u012bdz 10\u00d7 digit\u0101lo t\u0101lummai\u0146u, pied\u0101v\u0101jot lielu elast\u012bbu, fotograf\u0113jot t\u0101lus objektus.<\/p>\n<p><img decoding=\"async\" class=\"figure__image\" onclick=\"triggerEvent('articleImageClick', { id: 17405424, focus: 'single-image', focusIndex: '17405424' })\" onkeydown=\"if (event.key === 'Enter') {&#10;        triggerEvent('articleImageClick', { id: 17405424, focus: 'single-image', focusIndex: '17405424' })&#10;        }\" role=\"button\" tabindex=\"0\" data-focus-from=\"single-image\" data-focus-index=\"17405424\" src=\"https:\/\/www.europesays.com\/lv\/wp-content\/uploads\/2026\/01\/17405424t1h44a0.jpg\"  onload=\"this.parentElement.classList.remove('figure__image-loading')\" alt=\"\"\/> Foto: Publicit\u0101tes foto<\/p>\n<p class=\"MsoNormal\">\u201cPiem\u0113ram, ejot pa me\u017eu un pamanot dz\u012bvnieku, pie kura nevar pieiet kl\u0101t, neradot troksni, t\u0101lummai\u0146a \u013cauj to iem\u016b\u017ein\u0101t no dro\u0161a att\u0101luma. Pat \u0161\u0101dos gad\u012bjumos att\u0113ls saglab\u0101 asumu un s\u012bk\u0101k\u0101s deta\u013cas. L\u012bdz\u012bgi ir ar ainav\u0101m \u2013 telefons pal\u012bdz izcelt t\u0101lus objektus vai deta\u013cas, neprasot papildu piep\u016bli,\u201d uzsver A. Hru\u0161t\u0161ovs.<\/p>\n<p class=\"MsoNormal\">iPhone 17 s\u0113rijas mode\u013ci labi darbojas ar\u012b v\u0101ja apgaismojuma situ\u0101cij\u0101s, piem\u0113ram, kr\u0113sl\u0101 vai nakt\u012b. Kamera autom\u0101tiski apstr\u0101d\u0101 att\u0113lu t\u0101, lai fotogr\u0101fijas izskat\u012btos dabiski \u2013 ar skaidriem sejas vaibstiem, sabalans\u0113t\u0101m kr\u0101s\u0101m un atbilsto\u0161u spilgtumu, pat ja gaismas konkr\u0113taj\u0101 situ\u0101cij\u0101 ir maz. \u201c\u0160ie tr\u012bs telefona mode\u013ci ir piem\u0113roti tiem, kuri mekl\u0113 daudzpus\u012bgu un jaud\u012bgu ier\u012bci da\u017e\u0101d\u0101m situ\u0101cij\u0101m \u2013 no ce\u013cojumiem un pas\u0101kumiem l\u012bdz pat ikdienas mirk\u013ciem,\u201d piebilst A. Hru\u0161t\u0161ovs.<\/p>\n","protected":false},"excerpt":{"rendered":"Abi viedt\u0101lru\u0146i ir apr\u012bkoti ar trim 48 MP aizmugures kamer\u0101m: Fusion Main, Fusion Ultra Wide un Fusion Telephoto.&hellip;\n","protected":false},"author":2,"featured_media":114501,"comment_status":"","ping_status":"","sticky":false,"template":"","format":"standard","meta":{"footnotes":""},"categories":[19],"tags":[63,65,60,89,59,90,70,64,35,39,38,36,37,34,40,68,69,66,67,62,21,61],"class_list":{"0":"post-114500","1":"post","2":"type-post","3":"status-publish","4":"format-standard","5":"has-post-thumbnail","7":"category-izklaide","8":"tag-arvalstis","9":"tag-auto","10":"tag-egoiste","11":"tag-entertainment","12":"tag-financenet","13":"tag-izklaide","14":"tag-klik","15":"tag-kultura","16":"tag-latvia","17":"tag-latvian","18":"tag-latviesu","19":"tag-latviesu-valoda","20":"tag-latviesuvaloda","21":"tag-latvija","22":"tag-lv","23":"tag-maja","24":"tag-receptes","25":"tag-sejas","26":"tag-sports","27":"tag-viedokli","28":"tag-zinas","29":"tag-zinatne"},"share_on_mastodon":{"url":"https:\/\/pubeurope.com\/@lv\/115963747558279450","error":""},"_links":{"self":[{"href":"https:\/\/www.europesays.com\/lv\/wp-json\/wp\/v2\/posts\/114500","targetHints":{"allow":["GET"]}}],"collection":[{"href":"https:\/\/www.europesays.com\/lv\/wp-json\/wp\/v2\/posts"}],"about":[{"href":"https:\/\/www.europesays.com\/lv\/wp-json\/wp\/v2\/types\/post"}],"author":[{"embeddable":true,"href":"https:\/\/www.europesays.com\/lv\/wp-json\/wp\/v2\/users\/2"}],"replies":[{"embeddable":true,"href":"https:\/\/www.europesays.com\/lv\/wp-json\/wp\/v2\/comments?post=114500"}],"version-history":[{"count":0,"href":"https:\/\/www.europesays.com\/lv\/wp-json\/wp\/v2\/posts\/114500\/revisions"}],"wp:featuredmedia":[{"embeddable":true,"href":"https:\/\/www.europesays.com\/lv\/wp-json\/wp\/v2\/media\/114501"}],"wp:attachment":[{"href":"https:\/\/www.europesays.com\/lv\/wp-json\/wp\/v2\/media?parent=114500"}],"wp:term":[{"taxonomy":"category","embeddable":true,"href":"https:\/\/www.europesays.com\/lv\/wp-json\/wp\/v2\/categories?post=114500"},{"taxonomy":"post_tag","embeddable":true,"href":"https:\/\/www.europesays.com\/lv\/wp-json\/wp\/v2\/tags?post=114500"}],"curies":[{"name":"wp","href":"https:\/\/api.w.org\/{rel}","templated":true}]}}