{"id":114526,"date":"2026-01-27T00:05:23","date_gmt":"2026-01-27T00:05:23","guid":{"rendered":"https:\/\/www.europesays.com\/lv\/114526\/"},"modified":"2026-01-27T00:05:23","modified_gmt":"2026-01-27T00:05:23","slug":"silina-uz-ziemas-olimpiskajam-spelem-dosies-ar-vairakam-pavadosajam-personam","status":"publish","type":"post","link":"https:\/\/www.europesays.com\/lv\/114526\/","title":{"rendered":"Sili\u0146a uz ziemas olimpiskaj\u0101m sp\u0113l\u0113m dosies ar vair\u0101k\u0101m pavado\u0161aj\u0101m person\u0101m"},"content":{"rendered":"<p>Sili\u0146a, Valsts prezidents Edgars Rink\u0113vi\u010ds un izgl\u012bt\u012bbas un zin\u0101tnes ministre Dace Melb\u0101rde (JV) iek\u013cauti Latvijas Olimpiskaj\u0101 deleg\u0101cij\u0101 &#8220;Mil\u0101na-Kort\u012bna 2026&#8221; k\u0101 goda viesi.<\/p>\n<p>Ar Sili\u0146u uz It\u0101liju dosies ar\u012b tr\u012bs vi\u0146as biroja p\u0101rst\u0101ves &#8211; t\u0101 vad\u012bt\u0101ja Ieva Z\u012bberga, konsultante protokola jaut\u0101jumos Skaidr\u012bte Zar\u0101ne, k\u0101 ar\u012b konsultante digit\u0101l\u0101s komunik\u0101cijas jaut\u0101jumos Paula Muizinika.<\/p>\n<p>\u0160\u012bs b\u016bs pirm\u0101s olimpisk\u0101s sp\u0113les, kuras Sili\u0146a k\u0101 amatpersona apmekl\u0113s.<\/p>\n<p>K\u0101 a\u0123ent\u016brai LETA pav\u0113st\u012bja Valsts prezidenta kancelejas Mediju centra komunik\u0101cijas speci\u0101lists Reinis Gr\u0101v\u012btis, uz Mil\u0101nas un Kort\u012bnas ziemas olimpiskaj\u0101m sp\u0113l\u0113m Valsts prezidents Rink\u0113vi\u010ds dosies ar tr\u012bs pavado\u0161aj\u0101m person\u0101m &#8211; Valsts prezidenta kancelejas vad\u012bt\u0101ju Gundu Reiri, Valsts prezidenta \u0101rlietu padomnieku Edv\u012bnu Severu un Valsts prezidenta protokola vad\u012bt\u0101ju Sab\u012bni \u0160v\u0101ni-Stankevi\u010du.<\/p>\n<p>Izgl\u012bt\u012bbas un zin\u0101tnes ministrija (IZM) k\u0101 par sportu atbild\u012bg\u0101 instit\u016bcija valst\u012b b\u016bs p\u0101rst\u0101v\u0113ta gan olimpisko sp\u0113\u013cu atkl\u0101\u0161anas, gan sp\u0113\u013cu nosl\u0113guma ceremonij\u0101, a\u0123ent\u016brai LETA pav\u0113st\u012bja izgl\u012bt\u012bbas un zin\u0101tnes ministres padomnieks Ren\u0101rs Lazdi\u0146\u0161. Uz atkl\u0101\u0161anas ceremoniju dosies IZM parlament\u0101rais sekret\u0101rs D\u0101vis M\u0101rti\u0146\u0161 Daugavietis bez pavado\u0161\u0101m person\u0101m, bet nosl\u0113guma ceremoniju apmekl\u0113s Melb\u0101rde ar, maksimums, vienu pavado\u0161o personu. \u0160obr\u012bd v\u0113l nav zin\u0101ms, kura b\u016bs pavado\u0161\u0101 persona, kas dosies l\u012bdzi Melb\u0101rdei.<\/p>\n<p>Jau v\u0113st\u012bts, ka Latvijas Olimpisk\u0101s komitejas apstiprin\u0101taj\u0101 Latvijas deleg\u0101cij\u0101 b\u016bs 68 sportisti, kas ir visu laiku liel\u0101k\u0101 p\u0101rst\u0101vniec\u012bba ziemas olimpiskaj\u0101s sp\u0113l\u0113s. N\u0101kam\u0101s <a href=\"https:\/\/www.tvnet.lv\/term\/556873\/ziemas-olimpiskas-speles\" class=\"topicLink\" target=\"_blank\" rel=\"nofollow noopener\">ziemas olimpisk\u0101s sp\u0113les<\/a> notiks no 6. l\u012bdz 22. febru\u0101rim.<\/p>\n","protected":false},"excerpt":{"rendered":"Sili\u0146a, Valsts prezidents Edgars Rink\u0113vi\u010ds un izgl\u012bt\u012bbas un zin\u0101tnes ministre Dace Melb\u0101rde (JV) iek\u013cauti Latvijas Olimpiskaj\u0101 deleg\u0101cij\u0101 &#8220;Mil\u0101na-Kort\u012bna&hellip;\n","protected":false},"author":2,"featured_media":114527,"comment_status":"","ping_status":"","sticky":false,"template":"","format":"standard","meta":{"footnotes":""},"categories":[5],"tags":[23,28,29,1249,32,33,22,30,31,35,39,38,36,37,34,40,20,26,27,24,25,527,21],"class_list":{"0":"post-114526","1":"post","2":"type-post","3":"status-publish","4":"format-standard","5":"has-post-thumbnail","7":"category-aktualitates","8":"tag-aktualitates","9":"tag-breaking-news","10":"tag-breakingnews","11":"tag-evika-silina","12":"tag-featured-news","13":"tag-featurednews","14":"tag-headlines","15":"tag-latest-news","16":"tag-latestnews","17":"tag-latvia","18":"tag-latvian","19":"tag-latviesu","20":"tag-latviesu-valoda","21":"tag-latviesuvaloda","22":"tag-latvija","23":"tag-lv","24":"tag-news","25":"tag-popularakas-zinas","26":"tag-popularakaszinas","27":"tag-top-stories","28":"tag-topstories","29":"tag-ziemas-olimpiskas-speles","30":"tag-zinas"},"share_on_mastodon":{"url":"https:\/\/pubeurope.com\/@lv\/115964144662896620","error":""},"_links":{"self":[{"href":"https:\/\/www.europesays.com\/lv\/wp-json\/wp\/v2\/posts\/114526","targetHints":{"allow":["GET"]}}],"collection":[{"href":"https:\/\/www.europesays.com\/lv\/wp-json\/wp\/v2\/posts"}],"about":[{"href":"https:\/\/www.europesays.com\/lv\/wp-json\/wp\/v2\/types\/post"}],"author":[{"embeddable":true,"href":"https:\/\/www.europesays.com\/lv\/wp-json\/wp\/v2\/users\/2"}],"replies":[{"embeddable":true,"href":"https:\/\/www.europesays.com\/lv\/wp-json\/wp\/v2\/comments?post=114526"}],"version-history":[{"count":0,"href":"https:\/\/www.europesays.com\/lv\/wp-json\/wp\/v2\/posts\/114526\/revisions"}],"wp:featuredmedia":[{"embeddable":true,"href":"https:\/\/www.europesays.com\/lv\/wp-json\/wp\/v2\/media\/114527"}],"wp:attachment":[{"href":"https:\/\/www.europesays.com\/lv\/wp-json\/wp\/v2\/media?parent=114526"}],"wp:term":[{"taxonomy":"category","embeddable":true,"href":"https:\/\/www.europesays.com\/lv\/wp-json\/wp\/v2\/categories?post=114526"},{"taxonomy":"post_tag","embeddable":true,"href":"https:\/\/www.europesays.com\/lv\/wp-json\/wp\/v2\/tags?post=114526"}],"curies":[{"name":"wp","href":"https:\/\/api.w.org\/{rel}","templated":true}]}}