{"id":114533,"date":"2026-01-27T00:37:07","date_gmt":"2026-01-27T00:37:07","guid":{"rendered":"https:\/\/www.europesays.com\/lv\/114533\/"},"modified":"2026-01-27T00:37:07","modified_gmt":"2026-01-27T00:37:07","slug":"estere-volfa-izcina-eiropas-junioru-cempionata-zelta-medalu-biatlona-lente-lv","status":"publish","type":"post","link":"https:\/\/www.europesays.com\/lv\/114533\/","title":{"rendered":"Estere Volfa izc\u012bna Eiropas junioru \u010dempion\u0101ta zelta meda\u013cu biatlon\u0101\u00a0\u2014\u00a0Lente.lv"},"content":{"rendered":"<p>Volfa triumf\u0113 Eiropas junioru \u010dempion\u0101t\u0101<\/p>\n<p>Sv\u0113tdien, 25. janv\u0101r\u012b, Somij\u0101 norit\u0113ju\u0161aj\u0101s Eiropas junioru \u010dempion\u0101ta sacens\u012bb\u0101s biatlon\u0101 devi\u0146u kilometru distanc\u0113 ar kop\u0113ju startu Latvijas sportiste Estere Volfa izc\u012bn\u012bja zelta meda\u013cu. K\u0101 inform\u0113 port\u0101ls jauns.lv, \u0161is ir Volfas tre\u0161ais apbalvojums \u0161aj\u0101s meistarsac\u012bkst\u0113s, iepriek\u0161 vi\u0146a izc\u012bn\u012bja bronzas meda\u013cas sprint\u0101 un p\u0101ru stafet\u0113. <\/p>\n<p>Sacens\u012bbu izska\u0146a bija \u012bpa\u0161i dramatiska. P\u0113c p\u0113d\u0113j\u0101s \u0161au\u0161anas Volfa atrad\u0101s otraj\u0101 viet\u0101, zaud\u0113jot l\u012bderei ukrainietei Tetjanai Tarasjukai 10,8 sekundes. Tom\u0113r sp\u0113c\u012bgs sniegums p\u0113d\u0113j\u0101 apl\u012b \u013c\u0101va latvietei ne tikai pan\u0101kt ukrainieti, bet ar\u012b apsteigt vi\u0146u par vair\u0101k nek\u0101 trim sekund\u0113m. <\/p>\n<p>Volfas pan\u0101kumu atsl\u0113ga<\/p>\n<p>Volfa distanci veica 27 min\u016bt\u0113s un 0,6 sekund\u0113s, pie\u013caujot tikai vienu k\u013c\u016bdu \u0161au\u0161an\u0101. Vi\u0146as galven\u0101 konkurente Tarasjuka \u0161\u0101va bez k\u013c\u016bd\u0101m, ta\u010du sl\u0113po\u0161anas \u0101trum\u0101 piek\u0101p\u0101s latvietei. Tre\u0161o vietu ieguva zviedriete Gr\u0113ta Seld\u0101la, kura pie\u013c\u0101va divas k\u013c\u016bdas un uzvar\u0113t\u0101jai zaud\u0113ja vair\u0101k nek\u0101 min\u016bti. <\/p>\n<p>P\u0101r\u0113j\u0101s Latvijas sportistes un junioru sacens\u012bbas<\/p>\n<p>Cit\u0101m Latvijas p\u0101rst\u0101v\u0113m \u0161oreiz neizdev\u0101s iek\u013c\u016bt augstaj\u0101 trijniek\u0101. Elza Bleidele ar piec\u0101m k\u013c\u016bd\u0101m \u0161au\u0161an\u0101 ierindoj\u0101s 21. viet\u0101, atpaliekot gandr\u012bz divas min\u016btes no uzvar\u0113t\u0101jas. Mart\u012bne Djatkovi\u010da, kura ar\u012b pie\u013c\u0101va piecas k\u013c\u016bdas, ie\u0146\u0113ma 42. vietu 60 dal\u012bbnie\u010du konkurenc\u0113. <\/p>\n<p>Junioru konkurenc\u0113 v\u012brie\u0161iem par Eiropas \u010dempionu k\u013cuva \u010dehu sportists Mihaels Maleks. Latvijas sportists Rihards Lozbers, neraugoties uz to, ka bija \u0101tr\u0101kais sl\u0113pot\u0101js distanc\u0113, piecas k\u013c\u016bdas \u0161au\u0161an\u0101 liedza c\u012bn\u012bties par meda\u013cu, un vi\u0146\u0161 fini\u0161\u0113ja astotaj\u0101 poz\u012bcij\u0101. <\/p>\n","protected":false},"excerpt":{"rendered":"Volfa triumf\u0113 Eiropas junioru \u010dempion\u0101t\u0101 Sv\u0113tdien, 25. janv\u0101r\u012b, Somij\u0101 norit\u0113ju\u0161aj\u0101s Eiropas junioru \u010dempion\u0101ta sacens\u012bb\u0101s biatlon\u0101 devi\u0146u kilometru distanc\u0113&hellip;\n","protected":false},"author":2,"featured_media":114534,"comment_status":"","ping_status":"","sticky":false,"template":"","format":"standard","meta":{"footnotes":""},"categories":[17],"tags":[1499,26678,16012,35,39,38,36,37,34,40,67,4097,620],"class_list":{"0":"post-114533","1":"post","2":"type-post","3":"status-publish","4":"format-standard","5":"has-post-thumbnail","7":"category-sports","8":"tag-biatlons","9":"tag-eiropas-junioru-cempionats-biatlona","10":"tag-estere-volfa","11":"tag-latvia","12":"tag-latvian","13":"tag-latviesu","14":"tag-latviesu-valoda","15":"tag-latviesuvaloda","16":"tag-latvija","17":"tag-lv","18":"tag-sports","19":"tag-zelta-medala","20":"tag-ziemas-sports"},"share_on_mastodon":{"url":"https:\/\/pubeurope.com\/@lv\/115964270512166504","error":""},"_links":{"self":[{"href":"https:\/\/www.europesays.com\/lv\/wp-json\/wp\/v2\/posts\/114533","targetHints":{"allow":["GET"]}}],"collection":[{"href":"https:\/\/www.europesays.com\/lv\/wp-json\/wp\/v2\/posts"}],"about":[{"href":"https:\/\/www.europesays.com\/lv\/wp-json\/wp\/v2\/types\/post"}],"author":[{"embeddable":true,"href":"https:\/\/www.europesays.com\/lv\/wp-json\/wp\/v2\/users\/2"}],"replies":[{"embeddable":true,"href":"https:\/\/www.europesays.com\/lv\/wp-json\/wp\/v2\/comments?post=114533"}],"version-history":[{"count":0,"href":"https:\/\/www.europesays.com\/lv\/wp-json\/wp\/v2\/posts\/114533\/revisions"}],"wp:featuredmedia":[{"embeddable":true,"href":"https:\/\/www.europesays.com\/lv\/wp-json\/wp\/v2\/media\/114534"}],"wp:attachment":[{"href":"https:\/\/www.europesays.com\/lv\/wp-json\/wp\/v2\/media?parent=114533"}],"wp:term":[{"taxonomy":"category","embeddable":true,"href":"https:\/\/www.europesays.com\/lv\/wp-json\/wp\/v2\/categories?post=114533"},{"taxonomy":"post_tag","embeddable":true,"href":"https:\/\/www.europesays.com\/lv\/wp-json\/wp\/v2\/tags?post=114533"}],"curies":[{"name":"wp","href":"https:\/\/api.w.org\/{rel}","templated":true}]}}