{"id":114560,"date":"2026-01-27T03:29:17","date_gmt":"2026-01-27T03:29:17","guid":{"rendered":"https:\/\/www.europesays.com\/lv\/114560\/"},"modified":"2026-01-27T03:29:17","modified_gmt":"2026-01-27T03:29:17","slug":"raimondam-paulam-mers-ir-pilns-maestro-versies-pie-advokata-1188-lv","status":"publish","type":"post","link":"https:\/\/www.europesays.com\/lv\/114560\/","title":{"rendered":"Raimondam Paulam m\u0113rs ir pilns &#8211; Maestro v\u0113rsies pie advok\u0101ta &#8211; 1188.lv"},"content":{"rendered":"<ol>\n<li><a href=\"https:\/\/news.google.com\/rss\/articles\/CBMilgFBVV95cUxQc0V1a3NQSmplZzZ4WWprY0c4RWlWVmZnd096bWZFc25NWmpHTmtmY21GdGt6dkpVNDFMbFA0VmdQQnpiWEtFcUdkeElBMVRTNW5mVmdVOGd5WWU4VnpfbElNM0N3R3NkX1RrV1U2TEdwSV9uSDlDYWlkem96Q0dDZ2RWTGFLNmYzZU51dGN2aWIxMnpNdkE?oc=5\" target=\"_blank\" rel=\"nofollow noopener\">Raimondam Paulam m\u0113rs ir pilns &#8211; Maestro v\u0113rsies pie advok\u0101ta<\/a>&nbsp;&nbsp;1188.lv<\/li>\n<li><a href=\"https:\/\/news.google.com\/rss\/articles\/CBMi1gFBVV95cUxOWE9FOEhMd1IydmZJcFdDQ1B5VUVDVVlNZ2ZqS2xUeWUtMm5vZG91bUhMcFY1SUM0M3dWakNJSEVUWm01ZmFHYTFqUEhGaGZlczl4dmk5akdvanlOMTlkQ3F6dDZzSFZIdjlnU0pRMHU2ZXZOZGI2al9QYVotUDFQbE5rSmtPNl8wWmZCNHVFSENYUzdFcmpGaWhFcjJSYzZrUl9ObnN5UG5mZ2VKQms5LVFjRXFBa2hwdlZRV3d1aDRJMUJNTW01ZU04RFBYOHFHOG5MY25B?oc=5\" target=\"_blank\" rel=\"nofollow noopener\">Maestro piesaista advok\u0101tu: Raimonds Pauls n\u0101cis klaj\u0101 ar jaunu pazi\u0146ojumu skandaloz\u0101 koncerta liet\u0101<\/a>&nbsp;&nbsp;Jauns.lv<\/li>\n<li><a href=\"https:\/\/news.google.com\/rss\/articles\/CBMi_wFBVV95cUxPY0szcVI5N0pGYnBzeHpGRVpzM1g5bHpLaTNadlNzaW1iUVpDeGdMOF9Sc1luQk43VjVFXzdncXpleWNVcTBkaVZYbF9NZDFMUng4RUdFV0lGZWN1UUp0V21pUGhid0ZjcVZwWUJJdV9FMzRFd041bHRnYWVyLU1VRDlKdE5zcHY2aTc1cVctaTRDTHdjRHQ3ckdsTTc5MDlVYzc2WkxkaGVTeHdSNHNicV9RN0dDcUxXYzEwT0pwNmpBekFaYk9TSlE1SUtWanM3eExRZVI0eXA4ZWJWUWNjanZ3cERWWUVwREloMi1WY0x3X3gxUFZPa2s5YVZlVEU?oc=5\" target=\"_blank\" rel=\"nofollow noopener\">Kora dzied\u0101t\u0101ja nestruktur\u0113tas p\u0101rdomas par pla\u0123i\u0101tu, aran\u017eij\u0101m, autorties\u012bb\u0101m un Paula aizliegumu svin\u0113t vi\u0146a v\u0101rd\u0101 nosauktos dziesmusv\u0113tkus<\/a>&nbsp;&nbsp;Pietiek.com<\/li>\n<li><a href=\"https:\/\/news.google.com\/rss\/articles\/CBMitAFBVV95cUxObzRlbG9ZdEVQQnVUQWZyMk1McnVhb2FpSzVkVS0yTFpmU0g5dEE5b0ZUR1BZazNQd1FZaDFsVmZhanhWeXRmZmNuN0d5NmRNa2lWMVRRMjZSaTNJY2NFb0ZkWFFlY0dKOFFGNHI5TGFOeTVJV3N2MUl1bGxXVHF1clhQZDFGNlhIOHE1M1RibjNxcGszSlVXbWpOYnB2b1FtVFROZ3J3Y2Z2cVROaUlod0RiM3I?oc=5\" target=\"_blank\" rel=\"nofollow noopener\">&#8220;\u013boti fal\u0161i.&#8221; Raimonds Pauls n\u0101k klaj\u0101 ar jaunu pazi\u0146ojumu par projektu &#8220;Manai Dzimtenei&#8221;<\/a>&nbsp;&nbsp;Apollo.lv<\/li>\n<li><a href=\"https:\/\/news.google.com\/rss\/articles\/CBMi1AFBVV95cUxQaGFGS2ViazRrckpOTTUzWDdjS1dfSFpTNDJ0XzVOaDdIQmRkTTdNNzB2ZzlBckhxVHlSWkNBTlJYQkJvWEdHQjhTcVpqU2RweXNZSjlFZUVnNllYUWJMVnBabG9yR3M1aXU2NTEtcnY2emEwbE5XMEJpLUhOdDVGX1NBR0Z1LUtWY3F5VHVlRWlEb3ZZSUg2VXVjSk5RMGNILW5uUlUzOG81bGl2SmllLXE0UllPUWQtc09EYVlQRkhoMGhZU2lLTXlyNnJUT1NNMGlZaw?oc=5\" target=\"_blank\" rel=\"nofollow noopener\">Karav\u0101na iet t\u0101l\u0101k: situ\u0101ciju ar dziesmu sv\u0113tkiem &#8220;Manai Dzimtenei&#8221; skaidro iesaist\u012btie m\u016bzi\u0137i un organizatori<\/a>&nbsp;&nbsp;Sejas.lv<\/li>\n<\/ol>\n","protected":false},"excerpt":{"rendered":"Raimondam Paulam m\u0113rs ir pilns &#8211; Maestro v\u0113rsies pie advok\u0101ta&nbsp;&nbsp;1188.lv Maestro piesaista advok\u0101tu: Raimonds Pauls n\u0101cis klaj\u0101 ar&hellip;\n","protected":false},"author":2,"featured_media":114561,"comment_status":"","ping_status":"","sticky":false,"template":"","format":"standard","meta":{"footnotes":""},"categories":[5],"tags":[129,363,10611,23,28,29,32,33,22,30,31,35,39,38,36,37,34,40,20,26,27,10612,364,10613,365,24,25,21],"class_list":{"0":"post-114560","1":"post","2":"type-post","3":"status-publish","4":"format-standard","5":"has-post-thumbnail","7":"category-aktualitates","8":"tag-__typenameadvicekeyword","9":"tag-id1351","10":"tag-id481","11":"tag-aktualitates","12":"tag-breaking-news","13":"tag-breakingnews","14":"tag-featured-news","15":"tag-featurednews","16":"tag-headlines","17":"tag-latest-news","18":"tag-latestnews","19":"tag-latvia","20":"tag-latvian","21":"tag-latviesu","22":"tag-latviesu-valoda","23":"tag-latviesuvaloda","24":"tag-latvija","25":"tag-lv","26":"tag-news","27":"tag-popularakas-zinas","28":"tag-popularakaszinas","29":"tag-slugraimonds-pauls","30":"tag-slugtiesa","31":"tag-titleraimonds-pauls","32":"tag-titletiesa","33":"tag-top-stories","34":"tag-topstories","35":"tag-zinas"},"share_on_mastodon":{"url":"https:\/\/pubeurope.com\/@lv\/115964946877568941","error":""},"_links":{"self":[{"href":"https:\/\/www.europesays.com\/lv\/wp-json\/wp\/v2\/posts\/114560","targetHints":{"allow":["GET"]}}],"collection":[{"href":"https:\/\/www.europesays.com\/lv\/wp-json\/wp\/v2\/posts"}],"about":[{"href":"https:\/\/www.europesays.com\/lv\/wp-json\/wp\/v2\/types\/post"}],"author":[{"embeddable":true,"href":"https:\/\/www.europesays.com\/lv\/wp-json\/wp\/v2\/users\/2"}],"replies":[{"embeddable":true,"href":"https:\/\/www.europesays.com\/lv\/wp-json\/wp\/v2\/comments?post=114560"}],"version-history":[{"count":0,"href":"https:\/\/www.europesays.com\/lv\/wp-json\/wp\/v2\/posts\/114560\/revisions"}],"wp:featuredmedia":[{"embeddable":true,"href":"https:\/\/www.europesays.com\/lv\/wp-json\/wp\/v2\/media\/114561"}],"wp:attachment":[{"href":"https:\/\/www.europesays.com\/lv\/wp-json\/wp\/v2\/media?parent=114560"}],"wp:term":[{"taxonomy":"category","embeddable":true,"href":"https:\/\/www.europesays.com\/lv\/wp-json\/wp\/v2\/categories?post=114560"},{"taxonomy":"post_tag","embeddable":true,"href":"https:\/\/www.europesays.com\/lv\/wp-json\/wp\/v2\/tags?post=114560"}],"curies":[{"name":"wp","href":"https:\/\/api.w.org\/{rel}","templated":true}]}}