{"id":114571,"date":"2026-01-27T03:55:11","date_gmt":"2026-01-27T03:55:11","guid":{"rendered":"https:\/\/www.europesays.com\/lv\/114571\/"},"modified":"2026-01-27T03:55:11","modified_gmt":"2026-01-27T03:55:11","slug":"vilmanim-iespaidigs-sniegums-graujosa-uzvara-nhl-apollo-lv","status":"publish","type":"post","link":"https:\/\/www.europesays.com\/lv\/114571\/","title":{"rendered":"Vilmanim iespaid\u012bgs sniegums graujo\u0161\u0101 uzvar\u0101 NHL &#8211; Apollo.lv"},"content":{"rendered":"<ol>\n<li><a href=\"https:\/\/news.google.com\/rss\/articles\/CBMihAFBVV95cUxNSGowdlE0TUZBM29tbmFWaHEyNjFlWnlFVndJUUdfcmJ1Wk80eE5zZ0ZvZzlLTWVJU28yNFQzbXlGN2tJN3ZFYWxoRHIwdUNiZHBySzY2eTkwWHZNLXctdmRhVVhEdUs2cFZzNG8wRWJLWGlacDdqbWZfYWU3X0hHZUZ1c2I?oc=5\" target=\"_blank\" rel=\"nofollow noopener\">Vilmanim iespaid\u012bgs sniegums graujo\u0161\u0101 uzvar\u0101 NHL<\/a>&nbsp;&nbsp;Apollo.lv<\/li>\n<li><a href=\"https:\/\/news.google.com\/rss\/articles\/CBMipgFBVV95cUxOX1d2cTQ2YlZJNmJDZnd6cWlaSXRxMFBmdEtsUUw4WnpISGxJVm83S3Z4RVpNREtDYlYzckdMeWh1WXNQbkhpVTgyaEw2RTN1NjBnZTJhNENPVEtLLXA1WFc0ajQwLVladFRNTXp0WFRkMWhYSlhMX3ZYREw0NFFrRHY3OTVIdlh6VC01SjZUNmViZWxEYTF6cGJEdFZOemszNE1iY2R3?oc=5\" target=\"_blank\" rel=\"nofollow noopener\">Balinskim jauns karjeras rekords NHL ma\u010d\u0101<\/a>&nbsp;&nbsp;Delfi<\/li>\n<li><a href=\"https:\/\/news.google.com\/rss\/articles\/CBMihwFBVV95cUxOajRjSk53c3lhcUpPcW1McWJWZ1gtdHlVRjBSR1h1NkhWUmpXdkFGbWc5UlhHRlVEb2dvM2Q0eE1qeDhPNzk2TVg1VFpzSHBHS3oxMVhkeHFnZjM3eWZTanhiVVlFSkhjWmNNWGRqOE5uOGNtbjBSczNlVFpFWEh2YkFNUUJFNDg?oc=5\" target=\"_blank\" rel=\"nofollow noopener\">Vilmanim septi\u0146i sp\u0113ka pa\u0146\u0113mieni &#8220;Panthers&#8221; uzvar\u0101<\/a>&nbsp;&nbsp;TVNET Sports<\/li>\n<li><a href=\"https:\/\/news.google.com\/rss\/articles\/CBMijwFBVV95cUxQcEc0WDZUdzFJLWhpcVhpTlBINEJGVHBfM01XRnFJNE9QUGFJR1NKc2hBRFZ2TzFsMGNMekg4MXdrMy0ySDhER1lQeG5WNHRJWHJLQW9hYXhIemxWbXdRQUFUMEp3R3F1OXlrdHpDakdCd1VaWUJROHJLOXFNbVhlRHRWM3laWGpydUpjaE5sWQ?oc=5\" target=\"_blank\" rel=\"nofollow noopener\">Balinskim sp\u0113les laika rekords, Girgensonam un Merz\u013cikinam 13 v\u0101rtu sp\u0113le \u2013 Hokejs<\/a>&nbsp;&nbsp;Sportacentrs.com<\/li>\n<li><a href=\"https:\/\/news.google.com\/rss\/articles\/CBMiwgFBVV95cUxNZmZIRVhqRmNLM1l2MHJiR01ITjk1eXRaUllmVXNGdWctcnBWRC1CQ3h1WU9jamVRTGF0YVZWX3NaR2JpOTc3SS0xbmRXc0NuMVpZcjVXZlh2LXVVTzFvSzVhMWNrYWJHRGpodXVJMDJRcDVUdlJmNTZ3azRHLTJuVFZUSWNFT01JM1RSTC1rSUtTUWhoekdHM3VRekQ3Z2N3TUFlZTYtZmVNT2dHX3liWWpzX1RPZDlvX0JZT3pJelpwUQ?oc=5\" target=\"_blank\" rel=\"nofollow noopener\">Vilmanis sp\u0113l\u0113 vien\u0101 mai\u0146\u0101 ar zvaigzn\u0113m un uzr\u0101da iespaid\u012bgu skaitli vien\u0101 statistikas r\u0101d\u012bt\u0101j\u0101<\/a>&nbsp;&nbsp;Sportazinas.com<\/li>\n<\/ol>\n","protected":false},"excerpt":{"rendered":"Vilmanim iespaid\u012bgs sniegums graujo\u0161\u0101 uzvar\u0101 NHL&nbsp;&nbsp;Apollo.lv Balinskim jauns karjeras rekords NHL ma\u010d\u0101&nbsp;&nbsp;Delfi Vilmanim septi\u0146i sp\u0113ka pa\u0146\u0113mieni &#8220;Panthers&#8221; uzvar\u0101&nbsp;&nbsp;TVNET&hellip;\n","protected":false},"author":2,"featured_media":114572,"comment_status":"","ping_status":"","sticky":false,"template":"","format":"standard","meta":{"footnotes":""},"categories":[17],"tags":[838,394,721,35,39,38,36,37,34,40,835,422,67,4672],"class_list":{"0":"post-114571","1":"post","2":"type-post","3":"status-publish","4":"format-standard","5":"has-post-thumbnail","7":"category-sports","8":"tag-hokejisti-arzemes","9":"tag-hokejs","10":"tag-hokejs-pasaule","11":"tag-latvia","12":"tag-latvian","13":"tag-latviesu","14":"tag-latviesu-valoda","15":"tag-latviesuvaloda","16":"tag-latvija","17":"tag-lv","18":"tag-nhl","19":"tag-sandis-vilmanis","20":"tag-sports","21":"tag-uvis-janis-balinskis"},"share_on_mastodon":{"url":"https:\/\/pubeurope.com\/@lv\/115965049101442330","error":""},"_links":{"self":[{"href":"https:\/\/www.europesays.com\/lv\/wp-json\/wp\/v2\/posts\/114571","targetHints":{"allow":["GET"]}}],"collection":[{"href":"https:\/\/www.europesays.com\/lv\/wp-json\/wp\/v2\/posts"}],"about":[{"href":"https:\/\/www.europesays.com\/lv\/wp-json\/wp\/v2\/types\/post"}],"author":[{"embeddable":true,"href":"https:\/\/www.europesays.com\/lv\/wp-json\/wp\/v2\/users\/2"}],"replies":[{"embeddable":true,"href":"https:\/\/www.europesays.com\/lv\/wp-json\/wp\/v2\/comments?post=114571"}],"version-history":[{"count":0,"href":"https:\/\/www.europesays.com\/lv\/wp-json\/wp\/v2\/posts\/114571\/revisions"}],"wp:featuredmedia":[{"embeddable":true,"href":"https:\/\/www.europesays.com\/lv\/wp-json\/wp\/v2\/media\/114572"}],"wp:attachment":[{"href":"https:\/\/www.europesays.com\/lv\/wp-json\/wp\/v2\/media?parent=114571"}],"wp:term":[{"taxonomy":"category","embeddable":true,"href":"https:\/\/www.europesays.com\/lv\/wp-json\/wp\/v2\/categories?post=114571"},{"taxonomy":"post_tag","embeddable":true,"href":"https:\/\/www.europesays.com\/lv\/wp-json\/wp\/v2\/tags?post=114571"}],"curies":[{"name":"wp","href":"https:\/\/api.w.org\/{rel}","templated":true}]}}