{"id":114577,"date":"2026-01-27T04:07:15","date_gmt":"2026-01-27T04:07:15","guid":{"rendered":"https:\/\/www.europesays.com\/lv\/114577\/"},"modified":"2026-01-27T04:07:15","modified_gmt":"2026-01-27T04:07:15","slug":"birkentals-finisa-apsteidz-sepeli-un-hornigu-perro-aizver-visus-un-uzvar-ziemas-sports-sportacentrs-com","status":"publish","type":"post","link":"https:\/\/www.europesays.com\/lv\/114577\/","title":{"rendered":"Birkent\u0101ls fini\u0161\u0101 apsteidz Sepeli un Hornigu, Perro aizver visus un uzvar \u2013 Ziemas sports \u2013 Sportacentrs.com"},"content":{"rendered":"<p>No Latvijas biatlona v\u012briem visbie\u017e\u0101k Pasaules kausa posmos masu start\u0101 piedal\u012bties var\u0113jis Andrejs Rastorgujevs, kur\u0161 \u0161\u0101d\u0101s sacens\u012bb\u0101s start\u0113jis 31 reizi.  Karjeras laik\u0101 Ilm\u0101rs Bricis piedal\u012bjies 17 PK posmu masu startos, J\u0113kabs N\u0101kums start\u0113jis \u010detras reizes, bet O\u013cegs Ma\u013cuhins sacens\u012bb\u0101s ar kop\u0113ju startu devies tr\u012bs reizes. Ren\u0101rs Birkent\u0101ls k\u013cuva par piekto Latvijas p\u0101rst\u0101vi masu start\u0101.<\/p>\n<p>Talsu biatlona p\u0101rst\u0101vis sacens\u012bbu pirmaj\u0101 ugunsl\u012bnij\u0101 pie\u013c\u0101va divas k\u013c\u016bdas. Ja kaut kur masu start\u0101 v\u0113l k\u013c\u016bdas nemaks\u0101 tik d\u0101rgi, tas ir pirmaj\u0101 \u0161au\u0161an\u0101, p\u0113c kuras me\u017eon\u012bgu tempu parasti sportisti v\u0113l neuz\u0146emas. Birkent\u0101ls bija viens no \u010detriem sportistiem, kuriem s\u0101kum\u0101 bija divas k\u013c\u016bdas. Sacens\u012bbu otraj\u0101 ugunsl\u012bnij\u0101 talsenieks atk\u0101rtoja pirm\u0101s \u0161au\u0161anas s\u0113riju, tr\u0101pot pirmos divus, tad divus netr\u0101pot un p\u0113d\u0113jo atkal tr\u0101pot. T\u0101d\u0113j\u0101di sacens\u012bbu vidusposmu Birkent\u0101ls sasniedza ar \u010detr\u0101m k\u013c\u016bd\u0101m, kopa ar apa\u013co jubileju sagaid\u012bju\u0161o Tero Sepeli b\u016bdami vien\u012bgie ar tik daudz neveiksm\u0113m.<\/p>\n<p>Sepele un Birkent\u0101ls k\u0101 sarun\u0101ju\u0161i turpin\u0101ja l\u012bdzv\u0113rt\u012bgi darboties ugunsl\u012bnij\u0101 ar\u012b tre\u0161aj\u0101 pieg\u0101jien\u0101. St\u0101vus \u0161au\u0161an\u0101 gan soms, gan latvietis pie\u013c\u0101va pa k\u013c\u016bdai. Abi \u0161o sacens\u012bbu draugi ar\u012b p\u0113d\u0113j\u0101 pieg\u0101jien\u0101 pie\u013c\u0101va pa k\u013c\u016bdai. Ce\u013c\u0101 uz fini\u0161u Birkent\u0101lam bija liel\u0101ka v\u0113l\u0113\u0161an\u0101s tikt pie augst\u0101kas vietas par Sepeli un \u010dehu Vitezslavu Hornigu, izraujot 25. vietu savas karjeras pirmaj\u0101 masu start\u0101.<\/p>\n<p>P\u0113c \u0161au\u0161an\u0101m gu\u013cus poz\u012bcij\u0101 priek\u0161\u0101 bija izvirz\u012bju\u0161ies Eriks Perro un Sebastians S\u0101muelsons, kuriem  \u010detru sekun\u017eu ietvaros sekoja v\u0113l pieci biatlonisti. Pirmaj\u0101 st\u0101vus \u0161au\u0161an\u0101 aukstasin\u012bgi m\u0113r\u0137us aiztais\u012bja Perro, kam\u0113r daudzi citi galvenie konkurenti bija spiesti doties soda ap\u013cos. Vien\u012bgais tur\u0113t l\u012bdzi franc\u016bzim ce\u013c\u0101 uz iz\u0161\u0137iro\u0161o ugunsl\u012bniju sp\u0113ja Kempbels Raits.<\/p>\n<p>Abi l\u012bderi nost\u0101j\u0101s p\u0113d\u0113j\u0101 ugunsl\u012bnij\u0101 l\u012bdz\u0101s. Amerik\u0101nis pie\u013c\u0101va k\u013c\u016bdu pirmaj\u0101 \u0161\u0101vien\u0101, bet Perro aiztais\u012bja \u010detrus m\u0113r\u0137us un tad v\u012bsdegun\u012bgi pagaid\u012bja Raitu un tie\u0161i pirms amerik\u0101\u0146a p\u0113d\u0113j\u0101 \u0161\u0101viena aiztais\u012bja ar\u012b savu p\u0113d\u0113jo m\u0113r\u0137i. Sa\u0161aujot visus 20, Perro vienatn\u0113 dev\u0101s pret\u012b uzvarai un pasaules kausa kopv\u0113rt\u0113juma l\u012bdera statusa p\u0101r\u0146em\u0161anai.<\/p>\n<p>Otro vietu ieguvu\u0161ais amerik\u0101nis Kempbels Raits pirmo reizi sav\u0101 karjer\u0101 k\u0101pa uz goda pjedest\u0101la pasaules kausa posm\u0101. Ar\u012b par tre\u0161\u0101s vietas ieguv\u0113ju k\u013cuvu\u0161ais Sv\u0113re Dal\u012bns Aspeness l\u012bdz \u0161im pie PK godalg\u0101m nebija ticis.<\/p>\n<blockquote class=\"twitter-tweet\">\n<p lang=\"en\" dir=\"ltr\">Eric Perrot continues his impressive form in Nove Mesto, hitting 20 out of 20 again &#8211; and taking the yellow bib! \ud83d\udd25<\/p>\n<p>Tune in on <a href=\"https:\/\/t.co\/p8ATzITmbR\" rel=\"nofollow\">https:\/\/t.co\/p8ATzITmbR<\/a> \ud83e\udd29 <a href=\"https:\/\/t.co\/cBbJH90Yoy\" rel=\"nofollow\">pic.twitter.com\/cBbJH90Yoy<\/a><\/p>\n<p>\u2014 International Biathlon Union (@biathlonworld) <a href=\"https:\/\/twitter.com\/biathlonworld\/status\/2015446761330892834?ref_src=twsrc%5Etfw\" rel=\"nofollow noopener\" target=\"_blank\">January 25, 2026<\/a><\/p><\/blockquote>\n<p>Vis\u0101tr\u0101kais solis tras\u0113 bija l\u012bdz\u0161in\u0113jam dzelten\u0101 krekli\u0146a \u012bpa\u0161niekam Tommazo D\u017eakomelam. Tom\u0113r vi\u0146\u0161 ar pieciem soda ap\u013ciem bija pat\u0113r\u0113jis daudz sp\u0113ku un fini\u0161a taisn\u0113 izkrita no lab\u0101ko desmitnieka. Savuk\u0101rt Birkent\u0101lam starp 30 sacens\u012bbu dal\u012bbniekiem bija 20. veikl\u0101kais temps.<\/p>\n<p>Nove Mesto posms nosl\u0113gsies ar d\u0101mu masu startu, kur\u0101 tras\u0113 var\u0113s doties ar\u012b rezerviste Baiba Bendika, jo tr\u012bs citas sportistes ir atteiku\u0161\u0101s no dal\u012bbas sacens\u012bb\u0101s ar kop\u0113jo startu. D\u0101mu sacens\u012bbas s\u0101ksies pulksten 19:15.<\/p>\n<p>PK sestais posms, masu starts v\u012brie\u0161iem, Nove Mesto<\/p>\n<tr>VSportistsValstsK\u013c.Laiks<\/tr>\n<tr class=\"even\">\n<td>1.<\/td>\n<td>Eriks Perro<\/td>\n<td>Francija<\/td>\n<td>0+0+0+0 [0]<\/td>\n<td class=\"ralign\">35:59.6<\/td>\n<\/tr>\n<tr class=\"odd\">\n<td>2.<\/td>\n<td>Kempbels Raits<\/td>\n<td>ASV<\/td>\n<td>0+0+0+1 [1]<\/td>\n<td class=\"ralign\">+9.0<\/td>\n<\/tr>\n<tr class=\"even\">\n<td>3.<\/td>\n<td>Sv\u0113re Dal\u012bns Aspeness<\/td>\n<td>Norv\u0113\u0123ija<\/td>\n<td>0+0+0+0 [0]<\/td>\n<td class=\"ralign\">+16.2<\/td>\n<\/tr>\n<tr class=\"odd\">\n<td>4.<\/td>\n<td>Fabj\u0113ns Klods<\/td>\n<td>Francija<\/td>\n<td>0+1+1+0 [2]<\/td>\n<td class=\"ralign\">+23.8<\/td>\n<\/tr>\n<tr class=\"even\">\n<td>5.<\/td>\n<td>Lukass Hofers<\/td>\n<td>It\u0101lija<\/td>\n<td>0+0+1+0 [1]<\/td>\n<td class=\"ralign\">+38.1<\/td>\n<\/tr>\n<tr class=\"odd\">\n<td>6.<\/td>\n<td>Emilj\u0113ns Klods<\/td>\n<td>Francija<\/td>\n<td>0+0+1+0 [1]<\/td>\n<td class=\"ralign\">+41.0<\/td>\n<\/tr>\n<tr class=\"even\">\n<td>7.<\/td>\n<td>Johans Olavs Botns<\/td>\n<td>Norv\u0113\u0123ija<\/td>\n<td>1+1+0+1 [3]<\/td>\n<td class=\"ralign\">+43.4<\/td>\n<\/tr>\n<tr class=\"odd\">\n<td>8.<\/td>\n<td>Rom\u0101ns R\u0113ss<\/td>\n<td>V\u0101cija<\/td>\n<td>0+0+0+0 [0]<\/td>\n<td class=\"ralign\">+44.4<\/td>\n<\/tr>\n<tr class=\"even\">\n<td>9.<\/td>\n<td>\u012asaks Frajs<\/td>\n<td>Norv\u0113\u0123ija<\/td>\n<td>1+0+1+1 [3]<\/td>\n<td class=\"ralign\">+53.8<\/td>\n<\/tr>\n<tr class=\"odd\">\n<td>10.<\/td>\n<td>Mihals Kr\u010dmars<\/td>\n<td>\u010cehija<\/td>\n<td>0+0+0+1 [1]<\/td>\n<td class=\"ralign\">+53.8<\/td>\n<\/tr>\n<tr class=\"even\">\n<td\/>\n<td\/>\n<td\/>\n<td\/>\n<td class=\"ralign\"\/><\/tr>\n<tr class=\"odd\">\n<td\/>\n<td\/>\n<td\/>\n<td\/>\n<td class=\"ralign\"\/><\/tr>\n<tr class=\"even\">\n<td>25.<\/td>\n<td>Ren\u0101rs Birkent\u0101ls<\/td>\n<td>Latvija<\/td>\n<td>2+2+1+1 [6]<\/td>\n<td class=\"ralign\">+2:55.0<\/td>\n<\/tr>\n<p>Pasaules kausa sestais posms biatlon\u0101 Nove Mesto<\/p>\n<tr>DatumsLaiksSacens\u012bbas<\/tr>\n<tr class=\"even\">\n<td>22.01.<\/td>\n<td class=\"ralign\">19:15<\/td>\n<td>15km sa\u012bsin\u0101t\u0101 klasika v\u012brie\u0161iem<\/td>\n<\/tr>\n<tr class=\"odd\">\n<td>23.01.<\/td>\n<td class=\"ralign\">19:15<\/td>\n<td>12.5km sa\u012bsin\u0101t\u0101 klasika sieviet\u0113m<\/td>\n<\/tr>\n<tr class=\"even\">\n<td>24.01.<\/td>\n<td class=\"ralign\">14:15<\/td>\n<td>P\u0101ru stafete<\/td>\n<\/tr>\n<tr class=\"odd\">\n<td\/>\n<td class=\"ralign\">16:10<\/td>\n<td>Jaukt\u0101 stafete<\/td>\n<\/tr>\n<tr class=\"even\">\n<td>25.01.<\/td>\n<td class=\"ralign\">16:15<\/td>\n<td>15km masu starts v\u012brie\u0161iem<\/td>\n<\/tr>\n<tr class=\"odd\">\n<td\/>\n<td class=\"ralign\">19:15<\/td>\n<td>12.5km masu starts sieviet\u0113m<\/td>\n<\/tr>\n<p>                <script async src=\"https:\/\/platform.twitter.com\/widgets.js\" charset=\"utf-8\"><\/script><\/p>\n","protected":false},"excerpt":{"rendered":"No Latvijas biatlona v\u012briem visbie\u017e\u0101k Pasaules kausa posmos masu start\u0101 piedal\u012bties var\u0113jis Andrejs Rastorgujevs, kur\u0161 \u0161\u0101d\u0101s sacens\u012bb\u0101s start\u0113jis&hellip;\n","protected":false},"author":2,"featured_media":114578,"comment_status":"","ping_status":"","sticky":false,"template":"","format":"standard","meta":{"footnotes":""},"categories":[17],"tags":[35,39,38,36,37,34,40,67,620],"class_list":{"0":"post-114577","1":"post","2":"type-post","3":"status-publish","4":"format-standard","5":"has-post-thumbnail","7":"category-sports","8":"tag-latvia","9":"tag-latvian","10":"tag-latviesu","11":"tag-latviesu-valoda","12":"tag-latviesuvaloda","13":"tag-latvija","14":"tag-lv","15":"tag-sports","16":"tag-ziemas-sports"},"share_on_mastodon":{"url":"https:\/\/pubeurope.com\/@lv\/115965096239321935","error":""},"_links":{"self":[{"href":"https:\/\/www.europesays.com\/lv\/wp-json\/wp\/v2\/posts\/114577","targetHints":{"allow":["GET"]}}],"collection":[{"href":"https:\/\/www.europesays.com\/lv\/wp-json\/wp\/v2\/posts"}],"about":[{"href":"https:\/\/www.europesays.com\/lv\/wp-json\/wp\/v2\/types\/post"}],"author":[{"embeddable":true,"href":"https:\/\/www.europesays.com\/lv\/wp-json\/wp\/v2\/users\/2"}],"replies":[{"embeddable":true,"href":"https:\/\/www.europesays.com\/lv\/wp-json\/wp\/v2\/comments?post=114577"}],"version-history":[{"count":0,"href":"https:\/\/www.europesays.com\/lv\/wp-json\/wp\/v2\/posts\/114577\/revisions"}],"wp:featuredmedia":[{"embeddable":true,"href":"https:\/\/www.europesays.com\/lv\/wp-json\/wp\/v2\/media\/114578"}],"wp:attachment":[{"href":"https:\/\/www.europesays.com\/lv\/wp-json\/wp\/v2\/media?parent=114577"}],"wp:term":[{"taxonomy":"category","embeddable":true,"href":"https:\/\/www.europesays.com\/lv\/wp-json\/wp\/v2\/categories?post=114577"},{"taxonomy":"post_tag","embeddable":true,"href":"https:\/\/www.europesays.com\/lv\/wp-json\/wp\/v2\/tags?post=114577"}],"curies":[{"name":"wp","href":"https:\/\/api.w.org\/{rel}","templated":true}]}}