{"id":114604,"date":"2026-01-27T05:11:19","date_gmt":"2026-01-27T05:11:19","guid":{"rendered":"https:\/\/www.europesays.com\/lv\/114604\/"},"modified":"2026-01-27T05:11:19","modified_gmt":"2026-01-27T05:11:19","slug":"volfa-lido-un-klust-par-eiropas-junioru-cempioni-masu-starta-ziemas-sports-sportacentrs-com-2","status":"publish","type":"post","link":"https:\/\/www.europesays.com\/lv\/114604\/","title":{"rendered":"Volfa lido un k\u013c\u016bst par Eiropas junioru \u010dempioni masu start\u0101 \u2013 Ziemas sports \u2013 Sportacentrs.com"},"content":{"rendered":"<p>Estere Volfa neaizv\u0113ra vienu m\u0113r\u0137i otraj\u0101 gu\u013cus \u0161au\u0161an\u0101 un bija spiesta sl\u0113pot soda apli, ta\u010du Latvijas biatlonistei t\u0101 bija vien\u012bg\u0101 ugunsl\u012bnijas k\u013c\u016bda, un \u0101tr\u0101kais solis tras\u0113 \u013c\u0101va Volfai Eiropas \u010dempion\u0101tu nosl\u0113gt uz goda pjedest\u0101la augst\u0101k\u0101 pak\u0101piena.<\/p>\n<p>No ceturt\u0101s \u0161au\u0161anas vi\u0146a dev\u0101s ar 10,8 sekun\u017eu defic\u012btu pret t\u0101 br\u012b\u017ea l\u012bderi Tetjanu Tarasjuku, kura sa\u0161\u0101va visus 20 m\u0113r\u0137us. Distanc\u0113 Volfa bija krietni \u0101tr\u0101ka un fini\u0161\u0101 ierad\u0101s tr\u012bs sekundes priek\u0161\u0101 Ukrainas biatlonistei.<\/p>\n<p>Volfai t\u0101 bija tre\u0161\u0101 meda\u013ca Eiropas \u010dempion\u0101t\u0101 junioriem. Vispirms vi\u0146a p\u0101ru stafet\u0113 kop\u0101 ar Rihardu Lozberu tika pie bronzas, tre\u0161aj\u0101 viet\u0101 fini\u0161\u0113jot ar\u012b sestdien sprint\u0101. Sprint\u0101 tikt pie augst\u0101ka kaluma meda\u013cas trauc\u0113ja tr\u012bs k\u013c\u016bdas \u0161au\u0161an\u0101. Masu start\u0101 tikai viena k\u013c\u016bda, un pretinieces netika l\u012bdzi.<\/p>\n<p>L\u012bdz \u0161im Eiropas junioru \u010dempion\u0101tam nevienam no Latvijas junioriem nebija izdevies tikt pie meda\u013c\u0101m, l\u012bdz ar to Volfa k\u013cuvusi par pirmo zelta meda\u013cnieci Latvijas v\u0113stur\u0113. Vi\u0146a iek\u013cauta Latvijas sast\u0101v\u0101 dal\u012bbai Mil\u0101nas un Kort\u012bnas d&#8217;Ampeco olimpiskaj\u0101s sp\u0113l\u0113s.<\/p>\n<p>Sl\u0113pojuma \u0101trum\u0101 Volfai tuv\u0101k\u0101 sekot\u0101ja bija Slov\u0113nijas biatloniste Manka Casermana (+14,6 sekundes). Vi\u0146a bija l\u012bdere p\u0113c pirmaj\u0101m div\u0101m \u0161au\u0161an\u0101m, bet st\u0101vus salas\u012bja piecus soda ap\u013cus un fini\u0161\u0113ja \u0101rpus lab\u0101ko desmitnieka. Tre\u0161ais \u0101trums Elzai Bleidelei.<\/p>\n<p>Bleidele p\u0113c pirm\u0101s \u0161au\u0161anas bija blakus Volfai, bet d\u0101rgi maks\u0101ja otraj\u0101 gu\u013cus \u0161au\u0161an\u0101 nopeln\u012btie divi soda ap\u013ci. Bleidele kop\u0101 sl\u0113poja piecus soda ap\u013cus un fini\u0161\u0113ja 21. viet\u0101. Savuk\u0101rt Mart\u012bne Djatkovi\u010da ar pieciem soda ap\u013ciem ierindoj\u0101s 43. viet\u0101. J\u0101atz\u012bm\u0113, ka Volfai ir 20 gadi, Bleidelei 21 gads, bet Djatkovi\u010dai \u2013 17 gadi.<\/p>\n<p>Eiropas \u010dempion\u0101ts junioriem pulksten 13:15 nosl\u0113gsies ar masu startu v\u012brie\u0161iem. Start\u0113s Rihards Lozbers, Daniels Koda\u013cevs un Adrians \u0160\u0146ori\u0146\u0161.<\/p>\n<p>Eiropas \u010dempion\u0101ts junioriem<\/p>\n<tr>VSportisteValstsLaiksK\u013c<\/tr>\n<tr class=\"even\">\n<td>1.<\/td>\n<td>Estere Volfa<\/td>\n<td>Latvija<\/td>\n<td class=\"ralign\">27:00.6<\/td>\n<td class=\"ralign\">1<\/td>\n<\/tr>\n<tr class=\"odd\">\n<td>2.<\/td>\n<td>Tetjana Tarasjuka<\/td>\n<td>Ukraina<\/td>\n<td class=\"ralign\">+3.1<\/td>\n<td class=\"ralign\">0<\/td>\n<\/tr>\n<tr class=\"even\">\n<td>3.<\/td>\n<td>Gr\u0113ta Lindkvista-Seld\u0101la<\/td>\n<td>Zviedrija<\/td>\n<td class=\"ralign\">+1:12.4<\/td>\n<td class=\"ralign\">2<\/td>\n<\/tr>\n<tr class=\"odd\">\n<td>4.<\/td>\n<td>Ter\u0113za Petro\u0161ova<\/td>\n<td>\u010cehija<\/td>\n<td class=\"ralign\">+1:15.1<\/td>\n<td class=\"ralign\">1<\/td>\n<\/tr>\n<tr class=\"even\">\n<td>5.<\/td>\n<td>Val\u0113rija \u0160eihasa<\/td>\n<td>Ukraina<\/td>\n<td class=\"ralign\">+1:17.3<\/td>\n<td class=\"ralign\">3<\/td>\n<\/tr>\n<tr class=\"odd\">\n<td>6.<\/td>\n<td>Ajda \u0160pitalara<\/td>\n<td>Slov\u0113nija<\/td>\n<td class=\"ralign\">+1:18.2<\/td>\n<td class=\"ralign\">0<\/td>\n<\/tr>\n<tr class=\"even\">\n<td\/>\n<td\/>\n<td\/>\n<td class=\"ralign\"\/>\n<td class=\"ralign\"\/><\/tr>\n<tr class=\"odd\">\n<td\/>\n<td\/>\n<td\/>\n<td class=\"ralign\"\/>\n<td class=\"ralign\"\/><\/tr>\n<tr class=\"even\">\n<td>21.<\/td>\n<td>Elza Bleidele<\/td>\n<td>Latvija<\/td>\n<td class=\"ralign\">+1:59.8<\/td>\n<td class=\"ralign\">5<\/td>\n<\/tr>\n<tr class=\"odd\">\n<td>42.<\/td>\n<td>Mart\u012bne Djatkovi\u010da<\/td>\n<td>Latvija<\/td>\n<td class=\"ralign\">+4:18.0<\/td>\n<td class=\"ralign\">5<\/td>\n<\/tr>\n","protected":false},"excerpt":{"rendered":"Estere Volfa neaizv\u0113ra vienu m\u0113r\u0137i otraj\u0101 gu\u013cus \u0161au\u0161an\u0101 un bija spiesta sl\u0113pot soda apli, ta\u010du Latvijas biatlonistei t\u0101&hellip;\n","protected":false},"author":2,"featured_media":113008,"comment_status":"","ping_status":"","sticky":false,"template":"","format":"standard","meta":{"footnotes":""},"categories":[5],"tags":[23,28,29,32,33,22,30,31,35,39,38,36,37,34,40,20,26,27,24,25,620,21],"class_list":{"0":"post-114604","1":"post","2":"type-post","3":"status-publish","4":"format-standard","5":"has-post-thumbnail","7":"category-aktualitates","8":"tag-aktualitates","9":"tag-breaking-news","10":"tag-breakingnews","11":"tag-featured-news","12":"tag-featurednews","13":"tag-headlines","14":"tag-latest-news","15":"tag-latestnews","16":"tag-latvia","17":"tag-latvian","18":"tag-latviesu","19":"tag-latviesu-valoda","20":"tag-latviesuvaloda","21":"tag-latvija","22":"tag-lv","23":"tag-news","24":"tag-popularakas-zinas","25":"tag-popularakaszinas","26":"tag-top-stories","27":"tag-topstories","28":"tag-ziemas-sports","29":"tag-zinas"},"share_on_mastodon":{"url":"https:\/\/pubeurope.com\/@lv\/115965347929637625","error":""},"_links":{"self":[{"href":"https:\/\/www.europesays.com\/lv\/wp-json\/wp\/v2\/posts\/114604","targetHints":{"allow":["GET"]}}],"collection":[{"href":"https:\/\/www.europesays.com\/lv\/wp-json\/wp\/v2\/posts"}],"about":[{"href":"https:\/\/www.europesays.com\/lv\/wp-json\/wp\/v2\/types\/post"}],"author":[{"embeddable":true,"href":"https:\/\/www.europesays.com\/lv\/wp-json\/wp\/v2\/users\/2"}],"replies":[{"embeddable":true,"href":"https:\/\/www.europesays.com\/lv\/wp-json\/wp\/v2\/comments?post=114604"}],"version-history":[{"count":0,"href":"https:\/\/www.europesays.com\/lv\/wp-json\/wp\/v2\/posts\/114604\/revisions"}],"wp:featuredmedia":[{"embeddable":true,"href":"https:\/\/www.europesays.com\/lv\/wp-json\/wp\/v2\/media\/113008"}],"wp:attachment":[{"href":"https:\/\/www.europesays.com\/lv\/wp-json\/wp\/v2\/media?parent=114604"}],"wp:term":[{"taxonomy":"category","embeddable":true,"href":"https:\/\/www.europesays.com\/lv\/wp-json\/wp\/v2\/categories?post=114604"},{"taxonomy":"post_tag","embeddable":true,"href":"https:\/\/www.europesays.com\/lv\/wp-json\/wp\/v2\/tags?post=114604"}],"curies":[{"name":"wp","href":"https:\/\/api.w.org\/{rel}","templated":true}]}}