{"id":114621,"date":"2026-01-27T05:33:06","date_gmt":"2026-01-27T05:33:06","guid":{"rendered":"https:\/\/www.europesays.com\/lv\/114621\/"},"modified":"2026-01-27T05:33:06","modified_gmt":"2026-01-27T05:33:06","slug":"tramps-pazino-par-tarifu-pacelsanu-dienvidkorejas-precem-lidz-25-dienas-bizness","status":"publish","type":"post","link":"https:\/\/www.europesays.com\/lv\/114621\/","title":{"rendered":"Tramps pazi\u0146o par tarifu pacel\u0161anu Dienvidkorejas prec\u0113m l\u012bdz 25% :: Dienas Bizness"},"content":{"rendered":"<p class=\"text-font font-size--text-xlarge margin-3--bottom font-weight--bold padding-1--top\">ASV prezidents Donalds Tramps ceturtdienas vakar\u0101 parakst\u012bja r\u012bkojumu par augst\u0101ku muitas tarifu noteik\u0161anu vair\u0101ku desmitu valstu prec\u0113m, kas st\u0101sies sp\u0113k\u0101 7.august\u0101.<\/p>\n<p class=\"text-font font-size--text-xlarge margin-3--bottom\">R\u012bkojums attiecas uz 68 valst\u012bm un Eiropas Savien\u012bbu, kur\u0101 ir 27 dal\u012bbvalstis. Taj\u0101 nemin\u0113taj\u0101m valst\u012bm tiks piem\u0113rots univers\u0101ls 10% tarifs.<\/p>\n<p class=\"text-font font-size--text-xlarge margin-3--bottom\">R\u012bkojum\u0101 min\u0113ti da\u017e\u0101di tarifu l\u012bme\u0146i, tostarp 50% Braz\u012blijai, 41% S\u012brijai, 40% Laosai un Mjanmai, 39% \u0160veicei, 35% Ir\u0101kai un Serbijai, 30% Al\u017e\u012brijai, Bosnijai, Dienvid\u0101frikai un L\u012bbijai, 25% Brunejai, Indijai, Kazahst\u0101nai, Moldovai un Tunisijai, 20% Banglade\u0161ai, \u0160rilankai un Taiv\u0101nai, 19% Filip\u012bn\u0101m, Indon\u0113zijai, Kambod\u017eai, Malaizijai, Pakist\u0101nai, Taizemei un Vjetnamai, 18% Nikaragvai, 15% Afganist\u0101nai, Angolai, Bol\u012bvijai, Botsv\u0101nai, \u010cadai, Dienvidkorejai, Ekvadorai, Ekvatori\u0101lajai Gvinejai, Fid\u017ei, Gaj\u0101nai, Ganai, Islandei, Izra\u0113lai, Islandei, Jap\u0101nai, Jaunz\u0113landei, Jord\u0101nijai, Kamer\u016bnai, Kongo DR, Kostarikai, Kotdivu\u0101rai, Lesoto, Lihten\u0161teinai, Madagaskarai, Mal\u0101vi, Maur\u012bcijai, Mozambikai, Nam\u012bbijai, Nauru, Nig\u0113rijai, Norv\u0113\u0123ijai, Papua Jaungvinejai, Trinid\u0101dai un Tob\u0101go, Turcijai, Ugandai, Vanuatu, Venecu\u0113lai, Zambijai, Zieme\u013cma\u0137edonijai un Zimbabvei, 10% Lielbrit\u0101nijai.<\/p>\n","protected":false},"excerpt":{"rendered":"ASV prezidents Donalds Tramps ceturtdienas vakar\u0101 parakst\u012bja r\u012bkojumu par augst\u0101ku muitas tarifu noteik\u0161anu vair\u0101ku desmitu valstu prec\u0113m, kas&hellip;\n","protected":false},"author":2,"featured_media":114622,"comment_status":"","ping_status":"","sticky":false,"template":"","format":"standard","meta":{"footnotes":""},"categories":[14],"tags":[23,57,869,77,870,28,29,867,32,33,22,30,31,35,39,38,36,37,34,871,868,40,20,26,27,24,25,54,55,56,21,58],"class_list":{"0":"post-114621","1":"post","2":"type-post","3":"status-publish","4":"format-standard","5":"has-post-thumbnail","7":"category-zinas-no-arvalstim","8":"tag-aktualitates","9":"tag-arvalstim","10":"tag-biznesa-zinas","11":"tag-bizness","12":"tag-bizness-latvija","13":"tag-breaking-news","14":"tag-breakingnews","15":"tag-dienas-zinas","16":"tag-featured-news","17":"tag-featurednews","18":"tag-headlines","19":"tag-latest-news","20":"tag-latestnews","21":"tag-latvia","22":"tag-latvian","23":"tag-latviesu","24":"tag-latviesu-valoda","25":"tag-latviesuvaloda","26":"tag-latvija","27":"tag-latvijas-biznesa-zinas","28":"tag-latvijas-zinas","29":"tag-lv","30":"tag-news","31":"tag-popularakas-zinas","32":"tag-popularakaszinas","33":"tag-top-stories","34":"tag-topstories","35":"tag-world","36":"tag-world-news","37":"tag-worldnews","38":"tag-zinas","39":"tag-zinas-no-arvalstim"},"share_on_mastodon":{"url":"","error":"Validation failed: Text character limit of 500 exceeded"},"_links":{"self":[{"href":"https:\/\/www.europesays.com\/lv\/wp-json\/wp\/v2\/posts\/114621","targetHints":{"allow":["GET"]}}],"collection":[{"href":"https:\/\/www.europesays.com\/lv\/wp-json\/wp\/v2\/posts"}],"about":[{"href":"https:\/\/www.europesays.com\/lv\/wp-json\/wp\/v2\/types\/post"}],"author":[{"embeddable":true,"href":"https:\/\/www.europesays.com\/lv\/wp-json\/wp\/v2\/users\/2"}],"replies":[{"embeddable":true,"href":"https:\/\/www.europesays.com\/lv\/wp-json\/wp\/v2\/comments?post=114621"}],"version-history":[{"count":0,"href":"https:\/\/www.europesays.com\/lv\/wp-json\/wp\/v2\/posts\/114621\/revisions"}],"wp:featuredmedia":[{"embeddable":true,"href":"https:\/\/www.europesays.com\/lv\/wp-json\/wp\/v2\/media\/114622"}],"wp:attachment":[{"href":"https:\/\/www.europesays.com\/lv\/wp-json\/wp\/v2\/media?parent=114621"}],"wp:term":[{"taxonomy":"category","embeddable":true,"href":"https:\/\/www.europesays.com\/lv\/wp-json\/wp\/v2\/categories?post=114621"},{"taxonomy":"post_tag","embeddable":true,"href":"https:\/\/www.europesays.com\/lv\/wp-json\/wp\/v2\/tags?post=114621"}],"curies":[{"name":"wp","href":"https:\/\/api.w.org\/{rel}","templated":true}]}}