{"id":114633,"date":"2026-01-27T05:41:20","date_gmt":"2026-01-27T05:41:20","guid":{"rendered":"https:\/\/www.europesays.com\/lv\/114633\/"},"modified":"2026-01-27T05:41:20","modified_gmt":"2026-01-27T05:41:20","slug":"vireres-pedeja-posma-domine-francuzietes-bendika-izrinko-10-soda-aplus-ziemas-sports-sportacentrs-com-2","status":"publish","type":"post","link":"https:\/\/www.europesays.com\/lv\/114633\/","title":{"rendered":"V\u012breres p\u0113d\u0113j\u0101 posm\u0101 domin\u0113 franc\u016bzietes, Bendika izri\u0146\u0137o 10 soda ap\u013cus \u2013 Ziemas sports \u2013 Sportacentrs.com"},"content":{"rendered":"<p>Visticam\u0101k, \u0161is bija p\u0113d\u0113jais Pasaules kausa kausa posms lieliskajai Dorotejai V\u012brerei, kura pav\u0113st\u012bjusi, ka p\u0113c olimpiskaj\u0101m sp\u0113l\u0113m gatavojas nosl\u0113gt savu karjeru. Pasaules kausa sacens\u012bb\u0101s 14 reizes it\u0101liete k\u0101pusi uz goda pjedest\u0101la augst\u0101k\u0101 pak\u0101piena, bet uz pjedest\u0101la sportiste k\u0101pusi 47 reizes individu\u0101laj\u0101s sacens\u012bb\u0101s, kam\u0113r stafet\u0113s PK posmos pievienotas v\u0113l 25 da\u017e\u0101das godalgas. 35 gadus vec\u0101 sportiste p\u0113c sav\u0101s olimpiskaj\u0101m sp\u0113l\u0113m gatavojas piev\u0113rsties \u0123imenes dz\u012bvei un k\u013c\u016bt par m\u0101mi\u0146u. Doroteja V\u012brere no PK sacens\u012bb\u0101m atvad\u012bj\u0101s ar sept\u012bto vietu piepild\u012bto \u010cehijas trib\u012b\u0146u priek\u0161\u0101.<\/p>\n<p>Baibai Bendikai k\u0101 otrajai rezervistei Nove Mesto masu start\u0101 uzsmaid\u012bja veiksme, jo tr\u012bs sportistes, kur\u0101m pien\u0101c\u0101s vieta starp 30 dal\u012bbniec\u0113m, savu kandidat\u016bru atsauca. L\u012bdz ar to no Rozulas n\u0101ko\u0161\u0101 sportiste tika pie sava karjeras ceturtaj\u0101m pasaules kausu posmu sacens\u012bb\u0101m ar kop\u0113ju s\u0101kumu.<\/p>\n<p>\u0160\u012b posma iepriek\u0161 aizvad\u012bt\u0101s mokas ar \u0161au\u0161anu Bendikai turpin\u0101j\u0101s ar\u012b masu start\u0101. Pirmaj\u0101 ugunsl\u012bnij\u0101 tika sapeln\u012bti tr\u012bs soda ap\u013ci, b\u0113d\u012bg\u0101k \u0161aujot tikai Venlai Lehtonenai. Otraj\u0101 \u0161au\u0161anas poz\u012bcij\u0101 Bendika k\u013c\u016bd\u012bj\u0101s pirmaj\u0101 un p\u0113d\u0113j\u0101 \u0161\u0101vien\u0101, t\u0101d\u0113j\u0101di kopum\u0101 desmit gu\u013cus poz\u012bcijas \u0161\u0101vienus Latvijas biatloniste realiz\u0113ja ar 50% precizit\u0101ti. P\u0113c otr\u0101s \u0161au\u0161anas Bendika nosl\u012bd\u0113ja uz p\u0113d\u0113jo poz\u012bciju, zaud\u0113jot priek\u0161\u0101 palaistajai somietei vair\u0101k nek\u0101 20 sekundes.<\/p>\n<p>Savas cer\u012bbas par statusa izmain\u012b\u0161anu k\u0101 p\u0101rliecino\u0161as p\u0113d\u0113j\u0101s poz\u012bcijas \u012bpa\u0161niecei Bendika aizlaida gar\u0101m ar sniegumu tre\u0161aj\u0101 ugunsl\u012bnij\u0101. Tur Bendikai kl\u0101t n\u0101ca v\u0113l tr\u012bs neprec\u012bzi \u0161\u0101vieni. Ar\u012b p\u0113d\u0113j\u0101 s\u0113rij\u0101, kad poz\u012bcijas uzlabot vairs nebija cer\u012bbu, biatloniste pie\u013c\u0101va v\u0113l divas k\u013c\u016bdas. T\u0101d\u0113j\u0101di ar\u012b st\u0101vus tika \u0161auts ar 50% r\u0101d\u012bt\u0101ju. Pagarinot savu sl\u0113pojuma distanci no 12,5 kilometriem l\u012bdz apa\u013ciem  14 kilometriem, Bendika palika p\u0113d\u0113j\u0101, atpaliekot no uzvar\u0113t\u0101jas piecas min\u016btes un 56 sekundes.<\/p>\n<p>P\u0113c div\u0101m \u0161au\u0161an\u0101m gu\u013cus poz\u012bcij\u0101 prec\u012bzas bija tikai tr\u012bs sportistes &#8211; Kamila Ben\u0113, Aita Gasparina un Tamara \u0160teinere, kuru vid\u016b gan nebija galven\u0101s favor\u012btes c\u012b\u0146\u0101 par uzvaru. Lai gan Ben\u0113 no \u0161autuves izg\u0101ja k\u0101 pirm\u0101, vi\u0146as poz\u012bciju strauji p\u0101r\u0146\u0113ma L\u012bsa Vitoci un gar\u0101m aiz\u0161\u0101v\u0101s v\u0113l tr\u012bs franc\u016bzietes. Viss varenais \u010detrinieks ar Vitoci, \u017duliju Simonu, L\u016b \u017danmonno un Oseanu Mi\u0161elonu kop\u012bgi ien\u0101ca nosl\u0113dzo\u0161aj\u0101 ugunsl\u012bnij\u0101. Viss kvartets aiztais\u012bja visus piecus m\u0113r\u0137us, t\u0101d\u0113j\u0101di godalgu sadal\u012bjumu iz\u0161\u0137\u012bra taktisk\u0101 un fizisk\u0101 c\u012b\u0146a l\u012bdz fini\u0161a l\u012bnijai.<\/p>\n<p>Pasaules kausa kopv\u0113rt\u0113juma l\u012bdere \u017danmonno no p\u0101r\u0113j\u0101m tr\u012bs sportist\u0113m atpalika un laic\u012bgi saprata, ka n\u0101ksies samierin\u0101ties ar koka meda\u013cu. It\u0101liete Vitoci atdeva lielus sp\u0113kus ejot aug\u0161up kaln\u0101, tom\u0113r nobraucien\u0101 sl\u0113pes lab\u0101k bija sagatavotas ab\u0101m Francijas sportist\u0113m, kuras sav\u0101 starp\u0101 ar\u012b iz\u0161\u0137\u012bra uzvar\u0113t\u0101jas likteni. Simona ce\u013c\u0101 l\u012bdz fini\u0161am bija \u0101tr\u0101ka, apsteidzot Mi\u0161elonu.<\/p>\n<blockquote class=\"twitter-tweet\">\n<p lang=\"en\" dir=\"ltr\">A craaaazy final loop! And Julia Simon is back on her winning way just before the Olympic Winter Games in Antholz-Anterselva! \ud83d\udd25 <a href=\"https:\/\/t.co\/QrKk9X3kIw\" rel=\"nofollow\">pic.twitter.com\/QrKk9X3kIw<\/a><\/p>\n<p>\u2014 International Biathlon Union (@biathlonworld) <a href=\"https:\/\/twitter.com\/biathlonworld\/status\/2015491729063846020?ref_src=twsrc%5Etfw\" rel=\"nofollow noopener\" target=\"_blank\">January 25, 2026<\/a><\/p><\/blockquote>\n<p> PK sestais posms, masu starts sieviet\u0113m, Nove Mesto<\/p>\n<tr>VSportisteValstsK\u013c.Laiks<\/tr>\n<tr class=\"even\">\n<td>1.<\/td>\n<td>\u017dulija Simona<\/td>\n<td>Francija<\/td>\n<td>0+1+0+0 [1]<\/td>\n<td class=\"ralign\">33:39.4<\/td>\n<\/tr>\n<tr class=\"odd\">\n<td>2.<\/td>\n<td>Oseana Mi\u0161elona<\/td>\n<td>Francija<\/td>\n<td>0+1+0+0 [1]<\/td>\n<td class=\"ralign\">+0.5<\/td>\n<\/tr>\n<tr class=\"even\">\n<td>3.<\/td>\n<td>L\u012bsa Vitoci<\/td>\n<td>It\u0101lija<\/td>\n<td>0+1+0+0 [1]<\/td>\n<td class=\"ralign\">+2.7<\/td>\n<\/tr>\n<tr class=\"odd\">\n<td>4.<\/td>\n<td>L\u016b \u017danmonno<\/td>\n<td>Francija<\/td>\n<td>0+1+0+0 [1]<\/td>\n<td class=\"ralign\">+8.9<\/td>\n<\/tr>\n<tr class=\"even\">\n<td>5.<\/td>\n<td>Kamila Ben\u0113<\/td>\n<td>Francija<\/td>\n<td>0+0+0+0 [0]<\/td>\n<td class=\"ralign\">+38.7<\/td>\n<\/tr>\n<tr class=\"odd\">\n<td>6.<\/td>\n<td>Suvi Minkinena<\/td>\n<td>Somija<\/td>\n<td>1+1+0+0 [2]<\/td>\n<td class=\"ralign\">+49.2<\/td>\n<\/tr>\n<tr class=\"even\">\n<td>7.<\/td>\n<td>Doroteja V\u012brere<\/td>\n<td>It\u0101lija<\/td>\n<td>1+1+1+0 [3]<\/td>\n<td class=\"ralign\">+58.8<\/td>\n<\/tr>\n<tr class=\"odd\">\n<td>8.<\/td>\n<td>L\u012bza Hauzere<\/td>\n<td>Austrija<\/td>\n<td>0+1+1+0 [2]<\/td>\n<td class=\"ralign\">+1:05.4<\/td>\n<\/tr>\n<tr class=\"even\">\n<td>9.<\/td>\n<td>Eimija Baserga<\/td>\n<td>\u0160veice<\/td>\n<td>1+1+0+1 [3]<\/td>\n<td class=\"ralign\">+1:16.4<\/td>\n<\/tr>\n<tr class=\"odd\">\n<td>10.<\/td>\n<td>D\u012bdra \u0112rvina<\/td>\n<td>ASV<\/td>\n<td>0+1+0+0 [1]<\/td>\n<td class=\"ralign\">+1:17.4<\/td>\n<\/tr>\n<tr class=\"even\">\n<td\/>\n<td\/>\n<td\/>\n<td\/>\n<td class=\"ralign\"\/><\/tr>\n<tr class=\"odd\">\n<td\/>\n<td\/>\n<td\/>\n<td\/>\n<td class=\"ralign\"\/><\/tr>\n<tr class=\"even\">\n<td>30.<\/td>\n<td>Baiba Bendika<\/td>\n<td>Latvija<\/td>\n<td>3+2+3+2 [10]<\/td>\n<td class=\"ralign\">+5:56.3<\/td>\n<\/tr>\n<p>Pasaules kausa sestais posms biatlon\u0101 Nove Mesto<\/p>\n<tr>DatumsLaiksSacens\u012bbas<\/tr>\n<tr class=\"even\">\n<td>22.01.<\/td>\n<td class=\"ralign\">19:15<\/td>\n<td>15km sa\u012bsin\u0101t\u0101 klasika v\u012brie\u0161iem<\/td>\n<\/tr>\n<tr class=\"odd\">\n<td>23.01.<\/td>\n<td class=\"ralign\">19:15<\/td>\n<td>12.5km sa\u012bsin\u0101t\u0101 klasika sieviet\u0113m<\/td>\n<\/tr>\n<tr class=\"even\">\n<td>24.01.<\/td>\n<td class=\"ralign\">14:15<\/td>\n<td>P\u0101ru stafete<\/td>\n<\/tr>\n<tr class=\"odd\">\n<td\/>\n<td class=\"ralign\">16:10<\/td>\n<td>Jaukt\u0101 stafete<\/td>\n<\/tr>\n<tr class=\"even\">\n<td>25.01.<\/td>\n<td class=\"ralign\">16:15<\/td>\n<td>15km masu starts v\u012brie\u0161iem<\/td>\n<\/tr>\n<tr class=\"odd\">\n<td\/>\n<td class=\"ralign\">19:15<\/td>\n<td>12.5km masu starts sieviet\u0113m<\/td>\n<\/tr>\n<p>                    <script async src=\"https:\/\/platform.twitter.com\/widgets.js\" charset=\"utf-8\"><\/script><\/p>\n","protected":false},"excerpt":{"rendered":"Visticam\u0101k, \u0161is bija p\u0113d\u0113jais Pasaules kausa kausa posms lieliskajai Dorotejai V\u012brerei, kura pav\u0113st\u012bjusi, ka p\u0113c olimpiskaj\u0101m sp\u0113l\u0113m gatavojas&hellip;\n","protected":false},"author":2,"featured_media":113436,"comment_status":"","ping_status":"","sticky":false,"template":"","format":"standard","meta":{"footnotes":""},"categories":[5],"tags":[23,28,29,32,33,22,30,31,35,39,38,36,37,34,40,20,26,27,24,25,620,21],"class_list":{"0":"post-114633","1":"post","2":"type-post","3":"status-publish","4":"format-standard","5":"has-post-thumbnail","7":"category-aktualitates","8":"tag-aktualitates","9":"tag-breaking-news","10":"tag-breakingnews","11":"tag-featured-news","12":"tag-featurednews","13":"tag-headlines","14":"tag-latest-news","15":"tag-latestnews","16":"tag-latvia","17":"tag-latvian","18":"tag-latviesu","19":"tag-latviesu-valoda","20":"tag-latviesuvaloda","21":"tag-latvija","22":"tag-lv","23":"tag-news","24":"tag-popularakas-zinas","25":"tag-popularakaszinas","26":"tag-top-stories","27":"tag-topstories","28":"tag-ziemas-sports","29":"tag-zinas"},"share_on_mastodon":{"url":"https:\/\/pubeurope.com\/@lv\/115965465892511583","error":""},"_links":{"self":[{"href":"https:\/\/www.europesays.com\/lv\/wp-json\/wp\/v2\/posts\/114633","targetHints":{"allow":["GET"]}}],"collection":[{"href":"https:\/\/www.europesays.com\/lv\/wp-json\/wp\/v2\/posts"}],"about":[{"href":"https:\/\/www.europesays.com\/lv\/wp-json\/wp\/v2\/types\/post"}],"author":[{"embeddable":true,"href":"https:\/\/www.europesays.com\/lv\/wp-json\/wp\/v2\/users\/2"}],"replies":[{"embeddable":true,"href":"https:\/\/www.europesays.com\/lv\/wp-json\/wp\/v2\/comments?post=114633"}],"version-history":[{"count":0,"href":"https:\/\/www.europesays.com\/lv\/wp-json\/wp\/v2\/posts\/114633\/revisions"}],"wp:featuredmedia":[{"embeddable":true,"href":"https:\/\/www.europesays.com\/lv\/wp-json\/wp\/v2\/media\/113436"}],"wp:attachment":[{"href":"https:\/\/www.europesays.com\/lv\/wp-json\/wp\/v2\/media?parent=114633"}],"wp:term":[{"taxonomy":"category","embeddable":true,"href":"https:\/\/www.europesays.com\/lv\/wp-json\/wp\/v2\/categories?post=114633"},{"taxonomy":"post_tag","embeddable":true,"href":"https:\/\/www.europesays.com\/lv\/wp-json\/wp\/v2\/tags?post=114633"}],"curies":[{"name":"wp","href":"https:\/\/api.w.org\/{rel}","templated":true}]}}