{"id":114640,"date":"2026-01-27T05:52:07","date_gmt":"2026-01-27T05:52:07","guid":{"rendered":"https:\/\/www.europesays.com\/lv\/114640\/"},"modified":"2026-01-27T05:52:07","modified_gmt":"2026-01-27T05:52:07","slug":"apledojums-un-sniegs-otrdienas-rita-daudzviet-latvija-apgrutina-brauksanu","status":"publish","type":"post","link":"https:\/\/www.europesays.com\/lv\/114640\/","title":{"rendered":"Apledojums un sniegs otrdienas r\u012bt\u0101 daudzviet Latvij\u0101 apgr\u016btina brauk\u0161anu"},"content":{"rendered":"<p>\u0160or\u012bt apgr\u016btin\u0101ti brauk\u0161anas apst\u0101k\u013ci ir Tallinas \u0161osejas posm\u0101 no R\u012bgas l\u012bdz Zvejniekciema stacijai, Vidzemes \u0161osejas posmos no R\u012bgas l\u012bdz Aug\u0161l\u012bgatnei un no Raunas pagrieziena l\u012bdz Veclaicenei, Valmieras \u0161osejas posm\u0101 no Raganas l\u012bdz Braslas tiltam, pa R\u012bgas apvedce\u013cu, Jelgavas \u0161osejas posm\u0101 no Dalbes l\u012bdz Meitenei, Ventspils \u0161osejas posm\u0101 no K\u016bdras no Strazdei, Liep\u0101jas \u0161osejas posm\u0101 no Ka\u0123iem l\u012bdz Bikstiem un pa ce\u013cu Liep\u0101ja-Rucava.<\/p>\n<p>T\u0101pat apgr\u016btin\u0101ti brauk\u0161anas apst\u0101k\u013ci ir Daugavpils \u0161osejas posmos no R\u012bgas l\u012bdz Saulkalnei un no Piekalniem l\u012bdz Paterniekiem, Kokneses \u0161osejas posm\u0101 no Skr\u012bveru pagrieziena l\u012bdz T\u012bn\u016b\u017eiem, k\u0101 ar\u012b pa R\u0113zeknes \u0161oseju, pa ce\u013cu Greb\u0146eva &#8211; R\u0113zekne &#8211; Daugavpils &#8211; Lietuvas robe\u017ea un pa Daugavpils un R\u0113zeknes apvedce\u013ciem.<\/p>\n<p>Pa re\u0123ion\u0101lajiem autoce\u013ciem apgr\u016btin\u0101ta brauk\u0161ana ir vis\u0101 Latvij\u0101, iz\u0146emot R\u012bgas un Kuld\u012bgas apk\u0101rtnes.<\/p>\n","protected":false},"excerpt":{"rendered":"\u0160or\u012bt apgr\u016btin\u0101ti brauk\u0161anas apst\u0101k\u013ci ir Tallinas \u0161osejas posm\u0101 no R\u012bgas l\u012bdz Zvejniekciema stacijai, Vidzemes \u0161osejas posmos no R\u012bgas&hellip;\n","protected":false},"author":2,"featured_media":114641,"comment_status":"","ping_status":"","sticky":false,"template":"","format":"standard","meta":{"footnotes":""},"categories":[12],"tags":[5869,23,28,29,32,33,22,30,31,35,39,38,36,37,34,2857,40,20,26,27,1528,24,25,21],"class_list":{"0":"post-114640","1":"post","2":"type-post","3":"status-publish","4":"format-standard","5":"has-post-thumbnail","7":"category-latvija","8":"tag-ziema","9":"tag-aktualitates","10":"tag-breaking-news","11":"tag-breakingnews","12":"tag-featured-news","13":"tag-featurednews","14":"tag-headlines","15":"tag-latest-news","16":"tag-latestnews","17":"tag-latvia","18":"tag-latvian","19":"tag-latviesu","20":"tag-latviesu-valoda","21":"tag-latviesuvaloda","22":"tag-latvija","23":"tag-latvijas-valsts-celi","24":"tag-lv","25":"tag-news","26":"tag-popularakas-zinas","27":"tag-popularakaszinas","28":"tag-satiksmes-drosiba","29":"tag-top-stories","30":"tag-topstories","31":"tag-zinas"},"share_on_mastodon":{"url":"https:\/\/pubeurope.com\/@lv\/115965509192812122","error":""},"_links":{"self":[{"href":"https:\/\/www.europesays.com\/lv\/wp-json\/wp\/v2\/posts\/114640","targetHints":{"allow":["GET"]}}],"collection":[{"href":"https:\/\/www.europesays.com\/lv\/wp-json\/wp\/v2\/posts"}],"about":[{"href":"https:\/\/www.europesays.com\/lv\/wp-json\/wp\/v2\/types\/post"}],"author":[{"embeddable":true,"href":"https:\/\/www.europesays.com\/lv\/wp-json\/wp\/v2\/users\/2"}],"replies":[{"embeddable":true,"href":"https:\/\/www.europesays.com\/lv\/wp-json\/wp\/v2\/comments?post=114640"}],"version-history":[{"count":0,"href":"https:\/\/www.europesays.com\/lv\/wp-json\/wp\/v2\/posts\/114640\/revisions"}],"wp:featuredmedia":[{"embeddable":true,"href":"https:\/\/www.europesays.com\/lv\/wp-json\/wp\/v2\/media\/114641"}],"wp:attachment":[{"href":"https:\/\/www.europesays.com\/lv\/wp-json\/wp\/v2\/media?parent=114640"}],"wp:term":[{"taxonomy":"category","embeddable":true,"href":"https:\/\/www.europesays.com\/lv\/wp-json\/wp\/v2\/categories?post=114640"},{"taxonomy":"post_tag","embeddable":true,"href":"https:\/\/www.europesays.com\/lv\/wp-json\/wp\/v2\/tags?post=114640"}],"curies":[{"name":"wp","href":"https:\/\/api.w.org\/{rel}","templated":true}]}}