{"id":114644,"date":"2026-01-27T05:57:06","date_gmt":"2026-01-27T05:57:06","guid":{"rendered":"https:\/\/www.europesays.com\/lv\/114644\/"},"modified":"2026-01-27T05:57:06","modified_gmt":"2026-01-27T05:57:06","slug":"lietuvas-un-polijas-prezidenti-apspriedusi-izmainas-drosibas-vide-1188-lv-2","status":"publish","type":"post","link":"https:\/\/www.europesays.com\/lv\/114644\/","title":{"rendered":"Lietuvas un Polijas prezidenti apspriedu\u0161i izmai\u0146as dro\u0161\u012bbas vid\u0113 &#8211; 1188.lv"},"content":{"rendered":"<ol>\n<li><a href=\"https:\/\/news.google.com\/rss\/articles\/CBMioAFBVV95cUxQSVp3ckphODllajdPOXFxeFJNQTc2RmstV1l6WWFSQXE4bTk5Rlg4MFljNURGWlpGVy1LaGRGa0V0VThnZjFRU2tscTJjbG1tUENVRnBhSS1fNk9DRFJoS1hFanEyR2NieUlGUjMxVjltS0l3aGpZNlFsZGxyOGh2OHZjODJtR3lGbWctNXJJcElrd1VrWGJIZWc3TFpJU2Vk?oc=5\" target=\"_blank\" rel=\"nofollow noopener\">Lietuvas un Polijas prezidenti apspriedu\u0161i izmai\u0146as dro\u0161\u012bbas vid\u0113<\/a>&nbsp;&nbsp;1188.lv<\/li>\n<li><a href=\"https:\/\/news.google.com\/rss\/articles\/CBMiyAFBVV95cUxQVDNoMGtOeHFOQnlvNnBEX29pOE10eFNCcF9TZllnRHNvdFhSZHZUb0h5NVdqYi1KcndnMkZ5VzVyVmYzd19meVE0S2hQZ1dJS0dMVHVqSXhnR29RZE5aNU5GZUc2Nk9mNHQyMmdCNXBsR0FuOG5yX2x3aGZEZVJXdU5TN2wwSWttTTI1X3VBM2d6UUlzQklDT1pzQ3ZrNjUtVlh0RTV3dTJaNEdkM3UtVkk2bDQzTjY1d29ieWdkMW1ZWDBIWnJxYw?oc=5\" target=\"_blank\" rel=\"nofollow noopener\">VIDEO: Ukrainas, Polijas un Lietuvas prezidentu preses konference Vi\u013c\u0146\u0101 \/ Raksts<\/a>&nbsp;&nbsp;LSM<\/li>\n<li><a href=\"https:\/\/news.google.com\/rss\/articles\/CBMiugFBVV95cUxQZ1JBRXQzMTlkZHZEaFZUbml4LVk3RUdJRXFxOXZWdmhoQ2d5amdxeWxOcHhUX3JISUFNRTRFNjhfNFFSU1dFM2xHMFV0bDNuQng4SkRsSkdjQmxaX1Fua2FCWmxQMWNZQUxtZnhUZGdIdmVmb1RzVEVMREpJY2VqM1Rsc09WaF9fbU9WQ2drdmY2VzdUUXI0c0xHS19CS0NhdWxHbWJqTm44R1hySjZDREd0enBpdjRjc1E?oc=5\" target=\"_blank\" rel=\"nofollow noopener\">Ukrainas un Lietuvas prezidenti diskut\u0113ju\u0161i par milit\u0101ro un ener\u0123\u0113tikas atbalstu Ukrainai<\/a>&nbsp;&nbsp;TVNET<\/li>\n<li><a href=\"https:\/\/news.google.com\/rss\/articles\/CBMicEFVX3lxTE16Y0lpVVVkUVlINHpsU2hTVzNaTWxYRG5QSGJ4by15OS1seDN2c245T1E1czdESl94TFB2UE9tLWNiWDItSmV1cVB1R2Q5UEs4Z0w4dkhKUFJSTmp6QVQwZkx3SmtPalR4V2RDaG5uTS0?oc=5\" target=\"_blank\" rel=\"nofollow noopener\">Zelenskis ieradies Vi\u013c\u0146\u0101<\/a>&nbsp;&nbsp;Jauns.lv<\/li>\n<li><a href=\"https:\/\/news.google.com\/rss\/articles\/CBMiugFBVV95cUxPUm9STEFvM19DQmlZVlhmeVNLczFvdWZfVElodV83MTNNcjhOaHpXTjdyX29TcGJIdklkZUNNOG9rblhBYWhaMmlIWU5RZlRmbXJ5dml2UkY3ekdpeG9LTWl1UE93WjhnZlgtSHE1WDV6TTJJY3VmOWxyX0l5eFVEaXk2cldjM1hmWU1wc2pZZkFlenRoUElieUhTS2hSdnM5b21BZkpwQzNYcnBUWVpqZUtZTHBwck51aUE?oc=5\" target=\"_blank\" rel=\"nofollow noopener\">ISW: Putins manipul\u0113 ar Trampu, cen\u0161oties pan\u0101kt, ka vi\u0146\u0161 nov\u0113r\u0161as no Ukrainas un Eiropas<\/a>&nbsp;&nbsp;tv3.lv<\/li>\n<\/ol>\n","protected":false},"excerpt":{"rendered":"Lietuvas un Polijas prezidenti apspriedu\u0161i izmai\u0146as dro\u0161\u012bbas vid\u0113&nbsp;&nbsp;1188.lv VIDEO: Ukrainas, Polijas un Lietuvas prezidentu preses konference Vi\u013c\u0146\u0101 \/&hellip;\n","protected":false},"author":2,"featured_media":113534,"comment_status":"","ping_status":"","sticky":false,"template":"","format":"standard","meta":{"footnotes":""},"categories":[14],"tags":[129,343,3360,23,57,28,29,32,33,22,30,31,35,39,38,36,37,34,40,20,26,27,3361,344,3362,345,24,25,54,55,56,21,58],"class_list":{"0":"post-114644","1":"post","2":"type-post","3":"status-publish","4":"format-standard","5":"has-post-thumbnail","7":"category-zinas-no-arvalstim","8":"tag-__typenameadvicekeyword","9":"tag-id550","10":"tag-id789","11":"tag-aktualitates","12":"tag-arvalstim","13":"tag-breaking-news","14":"tag-breakingnews","15":"tag-featured-news","16":"tag-featurednews","17":"tag-headlines","18":"tag-latest-news","19":"tag-latestnews","20":"tag-latvia","21":"tag-latvian","22":"tag-latviesu","23":"tag-latviesu-valoda","24":"tag-latviesuvaloda","25":"tag-latvija","26":"tag-lv","27":"tag-news","28":"tag-popularakas-zinas","29":"tag-popularakaszinas","30":"tag-sluglietuva","31":"tag-slugpolija","32":"tag-titlelietuva","33":"tag-titlepolija","34":"tag-top-stories","35":"tag-topstories","36":"tag-world","37":"tag-world-news","38":"tag-worldnews","39":"tag-zinas","40":"tag-zinas-no-arvalstim"},"share_on_mastodon":{"url":"","error":"Validation failed: Text character limit of 500 exceeded"},"_links":{"self":[{"href":"https:\/\/www.europesays.com\/lv\/wp-json\/wp\/v2\/posts\/114644","targetHints":{"allow":["GET"]}}],"collection":[{"href":"https:\/\/www.europesays.com\/lv\/wp-json\/wp\/v2\/posts"}],"about":[{"href":"https:\/\/www.europesays.com\/lv\/wp-json\/wp\/v2\/types\/post"}],"author":[{"embeddable":true,"href":"https:\/\/www.europesays.com\/lv\/wp-json\/wp\/v2\/users\/2"}],"replies":[{"embeddable":true,"href":"https:\/\/www.europesays.com\/lv\/wp-json\/wp\/v2\/comments?post=114644"}],"version-history":[{"count":0,"href":"https:\/\/www.europesays.com\/lv\/wp-json\/wp\/v2\/posts\/114644\/revisions"}],"wp:featuredmedia":[{"embeddable":true,"href":"https:\/\/www.europesays.com\/lv\/wp-json\/wp\/v2\/media\/113534"}],"wp:attachment":[{"href":"https:\/\/www.europesays.com\/lv\/wp-json\/wp\/v2\/media?parent=114644"}],"wp:term":[{"taxonomy":"category","embeddable":true,"href":"https:\/\/www.europesays.com\/lv\/wp-json\/wp\/v2\/categories?post=114644"},{"taxonomy":"post_tag","embeddable":true,"href":"https:\/\/www.europesays.com\/lv\/wp-json\/wp\/v2\/tags?post=114644"}],"curies":[{"name":"wp","href":"https:\/\/api.w.org\/{rel}","templated":true}]}}