{"id":11467,"date":"2025-10-03T12:55:10","date_gmt":"2025-10-03T12:55:10","guid":{"rendered":"https:\/\/www.europesays.com\/lv\/11467\/"},"modified":"2025-10-03T12:55:10","modified_gmt":"2025-10-03T12:55:10","slug":"ko-isti-nozime-kinas-krievijas-iranas-un-ziemelkorejas-sadarbiba","status":"publish","type":"post","link":"https:\/\/www.europesays.com\/lv\/11467\/","title":{"rendered":"ko \u012bsti noz\u012bm\u0113 \u0136\u012bnas, Krievijas, Ir\u0101nas un Zieme\u013ckorejas sadarb\u012bba?"},"content":{"rendered":"<p>Kam\u0113r Rietumi cen\u0161as v\u0101jin\u0101t Krieviju ar sankcij\u0101m un milit\u0101ro pal\u012bdz\u012bbu Ukrainai, Maskava arvien vair\u0101k balst\u0101s uz atsevi\u0161\u0137u \u0100zijas valstu, \u012bpa\u0161i \u0136\u012bnas, Ir\u0101nas un Zieme\u013ckorejas atbalstu. \u0160\u012b sadarb\u012bba atkl\u0101j ne tikai pragmatisku dar\u012bjumu lo\u0123iku, bet ar\u012b draud ar jaunu varas l\u012bdzsvaru, kas izaicina starptautisko dro\u0161\u012bbu \u2013 ta\u010du cik t\u0101lu milit\u0101r\u0101 sadarb\u012bba praktiski jau att\u012bst\u012bjusies?<\/p>\n","protected":false},"excerpt":{"rendered":"Kam\u0113r Rietumi cen\u0161as v\u0101jin\u0101t Krieviju ar sankcij\u0101m un milit\u0101ro pal\u012bdz\u012bbu Ukrainai, Maskava arvien vair\u0101k balst\u0101s uz atsevi\u0161\u0137u \u0100zijas&hellip;\n","protected":false},"author":2,"featured_media":11468,"comment_status":"","ping_status":"","sticky":false,"template":"","format":"standard","meta":{"footnotes":""},"categories":[14],"tags":[23,57,28,29,32,33,22,2562,4215,4213,234,74,30,31,35,39,38,36,37,34,40,20,26,27,630,24,25,235,54,55,56,4214,21,58],"class_list":{"0":"post-11467","1":"post","2":"type-post","3":"status-publish","4":"format-standard","5":"has-post-thumbnail","7":"category-zinas-no-arvalstim","8":"tag-aktualitates","9":"tag-arvalstim","10":"tag-breaking-news","11":"tag-breakingnews","12":"tag-featured-news","13":"tag-featurednews","14":"tag-headlines","15":"tag-irana","16":"tag-kims-cenuns","17":"tag-kina","18":"tag-krievija","19":"tag-krievijas-iebrukums-ukraina","20":"tag-latest-news","21":"tag-latestnews","22":"tag-latvia","23":"tag-latvian","24":"tag-latviesu","25":"tag-latviesu-valoda","26":"tag-latviesuvaloda","27":"tag-latvija","28":"tag-lv","29":"tag-news","30":"tag-popularakas-zinas","31":"tag-popularakaszinas","32":"tag-sji-dzjinpins","33":"tag-top-stories","34":"tag-topstories","35":"tag-vladimirs-putins","36":"tag-world","37":"tag-world-news","38":"tag-worldnews","39":"tag-ziemelkoreja","40":"tag-zinas","41":"tag-zinas-no-arvalstim"},"share_on_mastodon":{"url":"","error":""},"_links":{"self":[{"href":"https:\/\/www.europesays.com\/lv\/wp-json\/wp\/v2\/posts\/11467","targetHints":{"allow":["GET"]}}],"collection":[{"href":"https:\/\/www.europesays.com\/lv\/wp-json\/wp\/v2\/posts"}],"about":[{"href":"https:\/\/www.europesays.com\/lv\/wp-json\/wp\/v2\/types\/post"}],"author":[{"embeddable":true,"href":"https:\/\/www.europesays.com\/lv\/wp-json\/wp\/v2\/users\/2"}],"replies":[{"embeddable":true,"href":"https:\/\/www.europesays.com\/lv\/wp-json\/wp\/v2\/comments?post=11467"}],"version-history":[{"count":0,"href":"https:\/\/www.europesays.com\/lv\/wp-json\/wp\/v2\/posts\/11467\/revisions"}],"wp:featuredmedia":[{"embeddable":true,"href":"https:\/\/www.europesays.com\/lv\/wp-json\/wp\/v2\/media\/11468"}],"wp:attachment":[{"href":"https:\/\/www.europesays.com\/lv\/wp-json\/wp\/v2\/media?parent=11467"}],"wp:term":[{"taxonomy":"category","embeddable":true,"href":"https:\/\/www.europesays.com\/lv\/wp-json\/wp\/v2\/categories?post=11467"},{"taxonomy":"post_tag","embeddable":true,"href":"https:\/\/www.europesays.com\/lv\/wp-json\/wp\/v2\/tags?post=11467"}],"curies":[{"name":"wp","href":"https:\/\/api.w.org\/{rel}","templated":true}]}}