{"id":114671,"date":"2026-01-27T06:40:08","date_gmt":"2026-01-27T06:40:08","guid":{"rendered":"https:\/\/www.europesays.com\/lv\/114671\/"},"modified":"2026-01-27T06:40:08","modified_gmt":"2026-01-27T06:40:08","slug":"kars-un-ekonomikas-militarizacija-krievija-radijusi-ieintereseto-personu-loku-kas-apgrutina-militaro-terinu-mazinasanu","status":"publish","type":"post","link":"https:\/\/www.europesays.com\/lv\/114671\/","title":{"rendered":"Kar\u0161 un ekonomikas militariz\u0101cija Krievij\u0101 rad\u012bjusi ieinteres\u0113to personu loku, kas apgr\u016btina milit\u0101ro t\u0113ri\u0146u mazin\u0101\u0161anu"},"content":{"rendered":"<p>Vienlaikus Krievija ir sask\u0101rusies ar atsevi\u0161\u0137iem milit\u0101ri industri\u0101l\u0101 kompleksa ra\u017eo\u0161anas tr\u016bkumiem, piem\u0113ram, pa\u013c\u0101v\u012bbu uz importu, k\u0101 ar\u012b pieejam\u0101 darbasp\u0113ka un ra\u017eo\u0161anas jaudas ierobe\u017eojumiem. Tr\u016bkumus da\u013c\u0113ji risina finans\u0113jums. Turpm\u0101ko gadu feder\u0101l\u0101 bud\u017eeta pl\u0101ni nor\u0101da uz teju nemain\u012bgu ap\u0146\u0113m\u012bbu turpin\u0101t bru\u0146ojuma ra\u017eo\u0161anu un milit\u0101ri industri\u0101l\u0101 kompleksa sp\u0113ju izv\u0113r\u0161anu.<\/p>\n<p>Kar\u0161 un ekonomikas militariz\u0101cija Krievij\u0101 ir rad\u012bjusi politiski un ekonomiski ieinteres\u0113tu personu loku, kas g\u016bst labumu no karadarb\u012bbas, papildus apgr\u016btinot milit\u0101ro t\u0113ri\u0146u un militariz\u0101cijas samazin\u0101jumu n\u0101kotn\u0113. Bru\u0146ojuma ra\u017eo\u0161anas piepras\u012bjums saglab\u0101jas nemain\u012bgi augsts, un nozare ar vair\u0101k nek\u0101 6000 tie\u0161\u0101 vai netie\u0161\u0101 veid\u0101 iesaist\u012btu uz\u0146\u0113mumu veicina turpm\u0101ku Krievijas ekonomikas atkar\u012bbu no augstiem milit\u0101rajiem t\u0113ri\u0146iem, secin\u0101jis SAB.<\/p>\n<blockquote class=\"quote ck-widget\" contenteditable=\"false\">\n<p>\u0145emot v\u0113r\u0101 nepiecie\u0161am\u012bbu atjaunot kar\u0101 noplicin\u0101t\u0101s bru\u0146ojuma rezerves, k\u0101 ar\u012b milit\u0101r\u0101s ra\u017eo\u0161anas noz\u012bmi tautsaimniec\u012bb\u0101, militariz\u0113ta ekonomika Krievij\u0101 saglab\u0101sies pat p\u0113c kara Ukrain\u0101 nosl\u0113guma, uzskata SAB.<\/p>\n<\/blockquote>\n<p>\u013boti iesp\u0113jams, ka Maskava \u012bstenos pak\u0101penisku milit\u0101ro t\u0113ri\u0146u sarukumu, lai mazin\u0101tu ekonomisk\u0101s nestabilit\u0101tes riskus, vienlaikus atjaunojot milit\u0101r\u0101s sp\u0113jas. Lai ar\u012b Krievijas izv\u0113rst\u0101s milit\u0101r\u0101s ra\u017eo\u0161anas sp\u0113jas uzskat\u0101mas par tehnolo\u0123iski vienk\u0101r\u0161\u0101k\u0101m, valsts ekonomikas militariz\u0101cijas uztur\u0113\u0161ana turpin\u0101s rad\u012bt apdraud\u0113jumu pat p\u0113c kara Ukrain\u0101 nosl\u0113guma.<\/p>\n<p>SAB ir viena no trim Latvijas valsts dro\u0161\u012bbas iest\u0101d\u0113m, kas veic izl\u016bko\u0161anu un pretizl\u016bko\u0161anu, klasific\u0113t\u0101s inform\u0101cijas aizsardz\u012bbu, inform\u0101cijas un komunik\u0101ciju tehnolo\u0123iju kritisk\u0101s infrastrukt\u016bras uzraudz\u012bbu, k\u0101 ar\u012b veic un kontrol\u0113 klasific\u0113tas inform\u0101cijas apmai\u0146u ar starptautisk\u0101m organiz\u0101cij\u0101m.<\/p>\n","protected":false},"excerpt":{"rendered":"Vienlaikus Krievija ir sask\u0101rusies ar atsevi\u0161\u0137iem milit\u0101ri industri\u0101l\u0101 kompleksa ra\u017eo\u0161anas tr\u016bkumiem, piem\u0113ram, pa\u013c\u0101v\u012bbu uz importu, k\u0101 ar\u012b pieejam\u0101&hellip;\n","protected":false},"author":2,"featured_media":114672,"comment_status":"","ping_status":"","sticky":false,"template":"","format":"standard","meta":{"footnotes":""},"categories":[12],"tags":[23,28,29,32,33,22,234,74,30,31,35,39,38,36,37,34,40,20,26,27,1063,24,25,21],"class_list":{"0":"post-114671","1":"post","2":"type-post","3":"status-publish","4":"format-standard","5":"has-post-thumbnail","7":"category-latvija","8":"tag-aktualitates","9":"tag-breaking-news","10":"tag-breakingnews","11":"tag-featured-news","12":"tag-featurednews","13":"tag-headlines","14":"tag-krievija","15":"tag-krievijas-iebrukums-ukraina","16":"tag-latest-news","17":"tag-latestnews","18":"tag-latvia","19":"tag-latvian","20":"tag-latviesu","21":"tag-latviesu-valoda","22":"tag-latviesuvaloda","23":"tag-latvija","24":"tag-lv","25":"tag-news","26":"tag-popularakas-zinas","27":"tag-popularakaszinas","28":"tag-sab","29":"tag-top-stories","30":"tag-topstories","31":"tag-zinas"},"share_on_mastodon":{"url":"https:\/\/pubeurope.com\/@lv\/115965697948630128","error":""},"_links":{"self":[{"href":"https:\/\/www.europesays.com\/lv\/wp-json\/wp\/v2\/posts\/114671","targetHints":{"allow":["GET"]}}],"collection":[{"href":"https:\/\/www.europesays.com\/lv\/wp-json\/wp\/v2\/posts"}],"about":[{"href":"https:\/\/www.europesays.com\/lv\/wp-json\/wp\/v2\/types\/post"}],"author":[{"embeddable":true,"href":"https:\/\/www.europesays.com\/lv\/wp-json\/wp\/v2\/users\/2"}],"replies":[{"embeddable":true,"href":"https:\/\/www.europesays.com\/lv\/wp-json\/wp\/v2\/comments?post=114671"}],"version-history":[{"count":0,"href":"https:\/\/www.europesays.com\/lv\/wp-json\/wp\/v2\/posts\/114671\/revisions"}],"wp:featuredmedia":[{"embeddable":true,"href":"https:\/\/www.europesays.com\/lv\/wp-json\/wp\/v2\/media\/114672"}],"wp:attachment":[{"href":"https:\/\/www.europesays.com\/lv\/wp-json\/wp\/v2\/media?parent=114671"}],"wp:term":[{"taxonomy":"category","embeddable":true,"href":"https:\/\/www.europesays.com\/lv\/wp-json\/wp\/v2\/categories?post=114671"},{"taxonomy":"post_tag","embeddable":true,"href":"https:\/\/www.europesays.com\/lv\/wp-json\/wp\/v2\/tags?post=114671"}],"curies":[{"name":"wp","href":"https:\/\/api.w.org\/{rel}","templated":true}]}}