{"id":114677,"date":"2026-01-27T06:46:08","date_gmt":"2026-01-27T06:46:08","guid":{"rendered":"https:\/\/www.europesays.com\/lv\/114677\/"},"modified":"2026-01-27T06:46:08","modified_gmt":"2026-01-27T06:46:08","slug":"otrdiena-27-janvaris-2026","status":"publish","type":"post","link":"https:\/\/www.europesays.com\/lv\/114677\/","title":{"rendered":"Otrdiena, 27 Janv\u0101ris 2026"},"content":{"rendered":"\n<p>Janv\u0101r\u012b piemin\u0113j\u0101m vair\u0101kus noz\u012bm\u012bgus notikumus. Protams, visi svin\u0113j\u0101m Jaungadu \u2013 cits citam v\u0113l\u0113j\u0101m laimi, labu vesel\u012bbu, m\u012blest\u012bbu un visu to lab\u0101ko jaunaj\u0101, 2026. gad\u0101. Vai visa m\u0113ne\u0161a garum\u0101 lielu v\u0113r\u012bbu piev\u0113rs\u0101m 35 gadus sen\u0101m atmi\u0146\u0101m par barik\u0101\u017eu laiku \u2013 ar koncertiem, ar \u012bpa\u0161iem pas\u0101kumiem viet\u0101s, kur tika celtas barik\u0101des, kur tika aizst\u0101v\u0113ti m\u016bsu tautai noz\u012bm\u012bgi objekti pret OMON vien\u012bbu iebrukumiem, kas kulmin\u0101ciju sasniedza 20. janv\u0101r\u012b, Barik\u0101\u017eu atceres dien\u0101.<\/p>\n","protected":false},"excerpt":{"rendered":"Janv\u0101r\u012b piemin\u0113j\u0101m vair\u0101kus noz\u012bm\u012bgus notikumus. Protams, visi svin\u0113j\u0101m Jaungadu \u2013 cits citam v\u0113l\u0113j\u0101m laimi, labu vesel\u012bbu, m\u012blest\u012bbu un&hellip;\n","protected":false},"author":2,"featured_media":24800,"comment_status":"","ping_status":"","sticky":false,"template":"","format":"standard","meta":{"footnotes":""},"categories":[12],"tags":[23,28,29,47,32,33,22,381,64,30,31,35,39,38,36,37,34,40,20,385,26,27,172,382,384,383,24,25,21],"class_list":{"0":"post-114677","1":"post","2":"type-post","3":"status-publish","4":"format-standard","5":"has-post-thumbnail","7":"category-latvija","8":"tag-aktualitates","9":"tag-breaking-news","10":"tag-breakingnews","11":"tag-ekonomika","12":"tag-featured-news","13":"tag-featurednews","14":"tag-headlines","15":"tag-jaunumi","16":"tag-kultura","17":"tag-latest-news","18":"tag-latestnews","19":"tag-latvia","20":"tag-latvian","21":"tag-latviesu","22":"tag-latviesu-valoda","23":"tag-latviesuvaloda","24":"tag-latvija","25":"tag-lv","26":"tag-news","27":"tag-pieriga","28":"tag-popularakas-zinas","29":"tag-popularakaszinas","30":"tag-riga","31":"tag-sabiedriba","32":"tag-sludinajumi","33":"tag-sports-afisa","34":"tag-top-stories","35":"tag-topstories","36":"tag-zinas"},"share_on_mastodon":{"url":"https:\/\/pubeurope.com\/@lv\/115965721538229179","error":""},"_links":{"self":[{"href":"https:\/\/www.europesays.com\/lv\/wp-json\/wp\/v2\/posts\/114677","targetHints":{"allow":["GET"]}}],"collection":[{"href":"https:\/\/www.europesays.com\/lv\/wp-json\/wp\/v2\/posts"}],"about":[{"href":"https:\/\/www.europesays.com\/lv\/wp-json\/wp\/v2\/types\/post"}],"author":[{"embeddable":true,"href":"https:\/\/www.europesays.com\/lv\/wp-json\/wp\/v2\/users\/2"}],"replies":[{"embeddable":true,"href":"https:\/\/www.europesays.com\/lv\/wp-json\/wp\/v2\/comments?post=114677"}],"version-history":[{"count":0,"href":"https:\/\/www.europesays.com\/lv\/wp-json\/wp\/v2\/posts\/114677\/revisions"}],"wp:featuredmedia":[{"embeddable":true,"href":"https:\/\/www.europesays.com\/lv\/wp-json\/wp\/v2\/media\/24800"}],"wp:attachment":[{"href":"https:\/\/www.europesays.com\/lv\/wp-json\/wp\/v2\/media?parent=114677"}],"wp:term":[{"taxonomy":"category","embeddable":true,"href":"https:\/\/www.europesays.com\/lv\/wp-json\/wp\/v2\/categories?post=114677"},{"taxonomy":"post_tag","embeddable":true,"href":"https:\/\/www.europesays.com\/lv\/wp-json\/wp\/v2\/tags?post=114677"}],"curies":[{"name":"wp","href":"https:\/\/api.w.org\/{rel}","templated":true}]}}