{"id":114692,"date":"2026-01-27T07:03:07","date_gmt":"2026-01-27T07:03:07","guid":{"rendered":"https:\/\/www.europesays.com\/lv\/114692\/"},"modified":"2026-01-27T07:03:07","modified_gmt":"2026-01-27T07:03:07","slug":"video-%e2%9f%a9-krievija-izvedusi-savus-karavirus-no-bazes-sirija","status":"publish","type":"post","link":"https:\/\/www.europesays.com\/lv\/114692\/","title":{"rendered":"VIDEO \u27e9 Krievija izvedusi savus karav\u012brus no b\u0101zes S\u012brij\u0101"},"content":{"rendered":"<p>Karav\u012bru un iero\u010du izve\u0161ana s\u0101k\u0101s pag\u0101ju\u0161aj\u0101 ned\u0113\u013c\u0101 un paredz\u0113ts, ka da\u013ca karav\u012bru p\u0101rvietosies uz Krievijas Hmeimimas gaisa sp\u0113ku b\u0101zi S\u012brijas rietumos, bet da\u013ca atgriez\u012bsies Krievij\u0101, pirmdien, atsaucoties uz saviem avotiem, zi\u0146oja &#8220;Reuters&#8221;.<\/p>\n<p>P\u0113d\u0113j\u0101s div\u0101s dien\u0101s no Kami\u0161li uz Hmeimimu tika p\u0101rvietota kara tehnika un smagie iero\u010di, a\u0123ent\u016brai past\u0101st\u012bja k\u0101ds avots S\u012brijas dro\u0161\u012bbas sp\u0113kos.<\/p>\n<p>&#8220;Reuters&#8221; \u017eurn\u0101lists nor\u0101d\u012bja, ka pirmdien Kami\u0161li lidost\u0101 joproj\u0101m pl\u012bvoja Krievijas karogi un uz skrejce\u013ca atrad\u0101s divas lidma\u0161\u012bnas ar Krievijas identifik\u0101cijas z\u012bm\u0113m.<\/p>\n<p>Taj\u0101 pa\u0161\u0101 laik\u0101 izdevums &#8220;Al Monitor&#8221; public\u0113ja video no b\u0101zes, kur\u0101 redzamas pamestas lietas p\u0113c karav\u012bru aizie\u0161anas un Krievijas karogi, kas pl\u012bvo virs sakaru tor\u0146a.<\/p>\n<blockquote class=\"twitter-tweet\">\n<p lang=\"en\" dir=\"ltr\">Russia is urgently withdrawing its forces from Syria, evacuating equipment and aircraft.<\/p>\n<p>Units are leaving the base at Qamishli airport, while helicopters and fighter jets are being loaded onto transport planes and flown out of the country. <a href=\"https:\/\/t.co\/cCdvFQGmuR\" rel=\"nofollow\">pic.twitter.com\/cCdvFQGmuR<\/a><\/p>\n<p>\u2014 Saint Javelin (@saintjavelin) <a href=\"https:\/\/twitter.com\/saintjavelin\/status\/2015731145275510988?ref_src=twsrc%5Etfw\" rel=\"nofollow noopener\" target=\"_blank\">January 26, 2026<\/a><\/p><\/blockquote>\n<p>Video: K\u0101 izskat\u0101s b\u0101ze p\u0113c Krievijas karav\u012bru aizie\u0161anas<\/p>\n<p><script async src=\"https:\/\/platform.twitter.com\/widgets.js\" charset=\"utf-8\"><\/script><\/p>\n","protected":false},"excerpt":{"rendered":"Karav\u012bru un iero\u010du izve\u0161ana s\u0101k\u0101s pag\u0101ju\u0161aj\u0101 ned\u0113\u013c\u0101 un paredz\u0113ts, ka da\u013ca karav\u012bru p\u0101rvietosies uz Krievijas Hmeimimas gaisa sp\u0113ku&hellip;\n","protected":false},"author":2,"featured_media":114693,"comment_status":"","ping_status":"","sticky":false,"template":"","format":"standard","meta":{"footnotes":""},"categories":[14],"tags":[23,57,28,29,32,33,22,7008,234,30,31,35,39,38,36,37,34,40,20,26,27,6923,24,25,54,55,56,21,58],"class_list":{"0":"post-114692","1":"post","2":"type-post","3":"status-publish","4":"format-standard","5":"has-post-thumbnail","7":"category-zinas-no-arvalstim","8":"tag-aktualitates","9":"tag-arvalstim","10":"tag-breaking-news","11":"tag-breakingnews","12":"tag-featured-news","13":"tag-featurednews","14":"tag-headlines","15":"tag-kars-sirija","16":"tag-krievija","17":"tag-latest-news","18":"tag-latestnews","19":"tag-latvia","20":"tag-latvian","21":"tag-latviesu","22":"tag-latviesu-valoda","23":"tag-latviesuvaloda","24":"tag-latvija","25":"tag-lv","26":"tag-news","27":"tag-popularakas-zinas","28":"tag-popularakaszinas","29":"tag-sirija","30":"tag-top-stories","31":"tag-topstories","32":"tag-world","33":"tag-world-news","34":"tag-worldnews","35":"tag-zinas","36":"tag-zinas-no-arvalstim"},"share_on_mastodon":{"url":"https:\/\/pubeurope.com\/@lv\/115965788441450236","error":""},"_links":{"self":[{"href":"https:\/\/www.europesays.com\/lv\/wp-json\/wp\/v2\/posts\/114692","targetHints":{"allow":["GET"]}}],"collection":[{"href":"https:\/\/www.europesays.com\/lv\/wp-json\/wp\/v2\/posts"}],"about":[{"href":"https:\/\/www.europesays.com\/lv\/wp-json\/wp\/v2\/types\/post"}],"author":[{"embeddable":true,"href":"https:\/\/www.europesays.com\/lv\/wp-json\/wp\/v2\/users\/2"}],"replies":[{"embeddable":true,"href":"https:\/\/www.europesays.com\/lv\/wp-json\/wp\/v2\/comments?post=114692"}],"version-history":[{"count":0,"href":"https:\/\/www.europesays.com\/lv\/wp-json\/wp\/v2\/posts\/114692\/revisions"}],"wp:featuredmedia":[{"embeddable":true,"href":"https:\/\/www.europesays.com\/lv\/wp-json\/wp\/v2\/media\/114693"}],"wp:attachment":[{"href":"https:\/\/www.europesays.com\/lv\/wp-json\/wp\/v2\/media?parent=114692"}],"wp:term":[{"taxonomy":"category","embeddable":true,"href":"https:\/\/www.europesays.com\/lv\/wp-json\/wp\/v2\/categories?post=114692"},{"taxonomy":"post_tag","embeddable":true,"href":"https:\/\/www.europesays.com\/lv\/wp-json\/wp\/v2\/tags?post=114692"}],"curies":[{"name":"wp","href":"https:\/\/api.w.org\/{rel}","templated":true}]}}