{"id":114701,"date":"2026-01-27T07:11:08","date_gmt":"2026-01-27T07:11:08","guid":{"rendered":"https:\/\/www.europesays.com\/lv\/114701\/"},"modified":"2026-01-27T07:11:08","modified_gmt":"2026-01-27T07:11:08","slug":"tramps-nosuta-jaunu-migracijas-parraugu-uz-mineapoli","status":"publish","type":"post","link":"https:\/\/www.europesays.com\/lv\/114701\/","title":{"rendered":"Tramps nos\u016bta jaunu migr\u0101cijas p\u0101rraugu uz Mineapoli"},"content":{"rendered":"<p>Tramps pirmdien pazi\u0146oja, ka nos\u016bt\u012bjis uz Mineapoli robe\u017epolitikas p\u0101rraugu Homanu, kas b\u016bs vi\u0146a tie\u0161\u0101 pak\u013caut\u012bb\u0101. Tramps ar\u012b samierniecisk\u0101k izteic\u0101s par Volzu, apgalvojot, ka vi\u0146am bijusi \u013coti laba saruna ar Minesotas gubernatoru. Iepriek\u0161 Tramps vair\u0101kk\u0101rt apvainojis demokr\u0101tu Volzu korupcij\u0101.<\/p>\n<p>Prezidents ar\u012b pazi\u0146oja, ka sazvan\u012bjies ar Mineapoles m\u0113ru D\u017eeikobu Freju, kas p\u0113c\u0101k pazi\u0146oja, ka Tramps piekritis, ka pa\u0161reiz\u0113j\u0101 situ\u0101cija nevar turpin\u0101ties. Frejs ar\u012b pazi\u0146oja, ka &#8220;da\u017ei feder\u0101lie a\u0123enti&#8221; otrdien s\u0101ks pamest Mineapoli, ta\u010du pla\u0161\u0101kus paskaidrojumus nesniedza.<\/p>\n<p>Balt\u0101 nama preses sekret\u0101re Kerolaina Levita pazi\u0146oja, ka &#8220;Baltaj\u0101 nam\u0101 neviens, tai skait\u0101 prezidents Tramps, nev\u0113las redz\u0113t, k\u0101 cilv\u0113ki tiek ievainoti vai nogalin\u0101ti&#8221;. Vi\u0146a ar\u012b pauda no\u017e\u0113lu par Preti n\u0101vi.<\/p>\n<p>Iepriek\u0161 Trampa administr\u0101cijas augst\u0101k\u0101s amatpersonas Preti nod\u0113v\u0113ja par &#8220;viet\u0113jo teroristu&#8221;. Minesotas \u0123ener\u0101lprokurors K\u012bts Ellisons sv\u0113tdien kritiz\u0113ja Trampa administr\u0101ciju par &#8220;piln\u012bgi nepr\u0101t\u012bga&#8221; narat\u012bva virz\u012b\u0161anu.<\/p>\n<p>ASV mediji zi\u0146oja, ka pretrun\u012bgi v\u0113rt\u0113tais robe\u017epatru\u013cas komandieris Gregorijs Bovino pamet Mineapoli, lai gan ASV Iek\u0161zemes dro\u0161\u012bbas ministrija kategoriski noliegusi, ka vi\u0146\u0161 b\u016btu atlaists.<\/p>\n<p>Pagaid\u0101m nekas neliecina, ka Tramps b\u016btu gatavs main\u012bt ies\u0101kto kursu ICE a\u0123entu izmanto\u0161an\u0101 c\u012b\u0146\u0101 ar neleg\u0101lo imigr\u0101ciju demokr\u0101tu p\u0101rvald\u012btaj\u0101s pils\u0113t\u0101s.<\/p>\n<p>Sol\u012bjumi c\u012bn\u012bties pret neleg\u0101lo imigr\u0101ciju pal\u012bdz\u0113ja Trampam uzvar\u0113t prezidenta v\u0113l\u0113\u0161an\u0101s 2024. gad\u0101, ta\u010du video ar vardarb\u012bgiem ICE a\u0123entiem mask\u0101s un zi\u0146as par cilv\u0113kiem, kas aps\u016bdz\u0113ti bez nopietniem pier\u0101d\u012bjumiem, negat\u012bvi atsauku\u0161\u0101s uz Trampa popularit\u0101tes reitingiem.<\/p>\n","protected":false},"excerpt":{"rendered":"Tramps pirmdien pazi\u0146oja, ka nos\u016bt\u012bjis uz Mineapoli robe\u017epolitikas p\u0101rraugu Homanu, kas b\u016bs vi\u0146a tie\u0161\u0101 pak\u013caut\u012bb\u0101. Tramps ar\u012b samierniecisk\u0101k&hellip;\n","protected":false},"author":2,"featured_media":114702,"comment_status":"","ping_status":"","sticky":false,"template":"","format":"standard","meta":{"footnotes":""},"categories":[5],"tags":[23,292,28,29,542,32,33,22,30,31,35,39,38,36,37,34,40,20,26,27,24,25,21],"class_list":{"0":"post-114701","1":"post","2":"type-post","3":"status-publish","4":"format-standard","5":"has-post-thumbnail","7":"category-aktualitates","8":"tag-aktualitates","9":"tag-asv","10":"tag-breaking-news","11":"tag-breakingnews","12":"tag-donalds-tramps","13":"tag-featured-news","14":"tag-featurednews","15":"tag-headlines","16":"tag-latest-news","17":"tag-latestnews","18":"tag-latvia","19":"tag-latvian","20":"tag-latviesu","21":"tag-latviesu-valoda","22":"tag-latviesuvaloda","23":"tag-latvija","24":"tag-lv","25":"tag-news","26":"tag-popularakas-zinas","27":"tag-popularakaszinas","28":"tag-top-stories","29":"tag-topstories","30":"tag-zinas"},"share_on_mastodon":{"url":"https:\/\/pubeurope.com\/@lv\/115965819909042544","error":""},"_links":{"self":[{"href":"https:\/\/www.europesays.com\/lv\/wp-json\/wp\/v2\/posts\/114701","targetHints":{"allow":["GET"]}}],"collection":[{"href":"https:\/\/www.europesays.com\/lv\/wp-json\/wp\/v2\/posts"}],"about":[{"href":"https:\/\/www.europesays.com\/lv\/wp-json\/wp\/v2\/types\/post"}],"author":[{"embeddable":true,"href":"https:\/\/www.europesays.com\/lv\/wp-json\/wp\/v2\/users\/2"}],"replies":[{"embeddable":true,"href":"https:\/\/www.europesays.com\/lv\/wp-json\/wp\/v2\/comments?post=114701"}],"version-history":[{"count":0,"href":"https:\/\/www.europesays.com\/lv\/wp-json\/wp\/v2\/posts\/114701\/revisions"}],"wp:featuredmedia":[{"embeddable":true,"href":"https:\/\/www.europesays.com\/lv\/wp-json\/wp\/v2\/media\/114702"}],"wp:attachment":[{"href":"https:\/\/www.europesays.com\/lv\/wp-json\/wp\/v2\/media?parent=114701"}],"wp:term":[{"taxonomy":"category","embeddable":true,"href":"https:\/\/www.europesays.com\/lv\/wp-json\/wp\/v2\/categories?post=114701"},{"taxonomy":"post_tag","embeddable":true,"href":"https:\/\/www.europesays.com\/lv\/wp-json\/wp\/v2\/tags?post=114701"}],"curies":[{"name":"wp","href":"https:\/\/api.w.org\/{rel}","templated":true}]}}