{"id":114722,"date":"2026-01-27T07:35:10","date_gmt":"2026-01-27T07:35:10","guid":{"rendered":"https:\/\/www.europesays.com\/lv\/114722\/"},"modified":"2026-01-27T07:35:10","modified_gmt":"2026-01-27T07:35:10","slug":"policija-sakta-izmeklesana-par-vardarbibu-latvijas-dailslidosanas-kluba-ziemas-sports-sportacentrs-com","status":"publish","type":"post","link":"https:\/\/www.europesays.com\/lv\/114722\/","title":{"rendered":"Policij\u0101 s\u0101kta izmekl\u0113\u0161ana par vardarb\u012bbu Latvijas dai\u013cslido\u0161anas klub\u0101 \u2013 Ziemas sports \u2013 Sportacentrs.com"},"content":{"rendered":"<p>Latvijas dai\u013cslidot\u0101ja Sofja Step\u010denko p\u0113rn intervij\u0101 jau piemin\u0113tajam port\u0101lam past\u0101st\u012bja par klub\u0101 p\u0101rciesto vardarb\u012bbu no t\u0101 p\u0101rst\u0101vjiem Raimo Reinsalu un Olgas Kova\u013ckovas.<\/p>\n<p>\u20332024.\/2025. gada sezonas laik\u0101 neko sliktu par biju\u0161ajiem treneriem neteicu, bet tagad laiks atkl\u0101t paties\u012bbu. Es faktiski aizb\u0113gu no saviem treneriem, jo vi\u0146i bija manipulat\u012bvi un es p\u0101rcietu vardarb\u012bbu. Vi\u0146i par mani izplat\u012bja daudz baumu un melu. Tiku dz\u012bta uz priek\u0161u paveikt neiesp\u0113jamo, neskatoties uz savainojumiem. Vi\u0146i tev apsola rezult\u0101tu, bet, k\u0101da ir t\u0101 cena? Ne dz\u012bv\u012bbas v\u0113rta,\u2033 p\u0113rn\u0101 gada august\u0101 port\u0101lam &#8220;Anything GOEs&#8221; kl\u0101st\u012bja Step\u010denko.<\/p>\n<p>Step\u010denko s\u016bdz\u012bbu iesniedza Latvijas Slido\u0161anas asoci\u0101cij\u0101 (LSA). T\u0101pat lietas izmekl\u0113\u0161an\u0101 iesaist\u012bj\u0101s ar\u012b Starptautisk\u0101 Slido\u0161anas apvien\u012bba (ISU). Tagad k\u013cuvis zin\u0101ms, ka izmekl\u0113\u0161ana uzs\u0101kta ar\u012b Valsts policij\u0101.<\/p>\n<p>J\u0101atz\u012bm\u0113, ka Kova\u013ckova pilda ar\u012b LSA valdes locekles pien\u0101kumus.<\/p>\n<p>Savuk\u0101rt Reinsalu, neskatoties uz uzs\u0101kto izmekl\u0113\u0161anu, kop\u0101 ar Latvijas komandu bija ar\u012b \u0161\u0101 gada s\u0101kum\u0101 aizvad\u012btaj\u0101 Eiropas \u010dempion\u0101t\u0101.<\/p>\n<p>Step\u010denko p\u0113c neilgas atk\u0101p\u0161an\u0101s no profesion\u0101laj\u0101m gait\u0101m p\u0113rn\u0101 gada izska\u0146\u0101 atgriez\u0101s uz ledus dai\u013cslido\u0161anas \u0161ov\u0101.<\/p>\n<p>Izmantotie resursi:<br \/><a target=\"_blank\" href=\"https:\/\/anythinggoe.com\/latvia-4\/\" rel=\"nofollow noopener\">https:\/\/anythinggoe.com\/latvia-4\/<\/a><\/p>\n","protected":false},"excerpt":{"rendered":"Latvijas dai\u013cslidot\u0101ja Sofja Step\u010denko p\u0113rn intervij\u0101 jau piemin\u0113tajam port\u0101lam past\u0101st\u012bja par klub\u0101 p\u0101rciesto vardarb\u012bbu no t\u0101 p\u0101rst\u0101vjiem Raimo&hellip;\n","protected":false},"author":2,"featured_media":114723,"comment_status":"","ping_status":"","sticky":false,"template":"","format":"standard","meta":{"footnotes":""},"categories":[5],"tags":[23,28,29,32,33,22,30,31,35,39,38,36,37,34,40,20,26,27,24,25,620,21],"class_list":{"0":"post-114722","1":"post","2":"type-post","3":"status-publish","4":"format-standard","5":"has-post-thumbnail","7":"category-aktualitates","8":"tag-aktualitates","9":"tag-breaking-news","10":"tag-breakingnews","11":"tag-featured-news","12":"tag-featurednews","13":"tag-headlines","14":"tag-latest-news","15":"tag-latestnews","16":"tag-latvia","17":"tag-latvian","18":"tag-latviesu","19":"tag-latviesu-valoda","20":"tag-latviesuvaloda","21":"tag-latvija","22":"tag-lv","23":"tag-news","24":"tag-popularakas-zinas","25":"tag-popularakaszinas","26":"tag-top-stories","27":"tag-topstories","28":"tag-ziemas-sports","29":"tag-zinas"},"share_on_mastodon":{"url":"https:\/\/pubeurope.com\/@lv\/115965914254413397","error":""},"_links":{"self":[{"href":"https:\/\/www.europesays.com\/lv\/wp-json\/wp\/v2\/posts\/114722","targetHints":{"allow":["GET"]}}],"collection":[{"href":"https:\/\/www.europesays.com\/lv\/wp-json\/wp\/v2\/posts"}],"about":[{"href":"https:\/\/www.europesays.com\/lv\/wp-json\/wp\/v2\/types\/post"}],"author":[{"embeddable":true,"href":"https:\/\/www.europesays.com\/lv\/wp-json\/wp\/v2\/users\/2"}],"replies":[{"embeddable":true,"href":"https:\/\/www.europesays.com\/lv\/wp-json\/wp\/v2\/comments?post=114722"}],"version-history":[{"count":0,"href":"https:\/\/www.europesays.com\/lv\/wp-json\/wp\/v2\/posts\/114722\/revisions"}],"wp:featuredmedia":[{"embeddable":true,"href":"https:\/\/www.europesays.com\/lv\/wp-json\/wp\/v2\/media\/114723"}],"wp:attachment":[{"href":"https:\/\/www.europesays.com\/lv\/wp-json\/wp\/v2\/media?parent=114722"}],"wp:term":[{"taxonomy":"category","embeddable":true,"href":"https:\/\/www.europesays.com\/lv\/wp-json\/wp\/v2\/categories?post=114722"},{"taxonomy":"post_tag","embeddable":true,"href":"https:\/\/www.europesays.com\/lv\/wp-json\/wp\/v2\/tags?post=114722"}],"curies":[{"name":"wp","href":"https:\/\/api.w.org\/{rel}","templated":true}]}}