{"id":114728,"date":"2026-01-27T07:40:11","date_gmt":"2026-01-27T07:40:11","guid":{"rendered":"https:\/\/www.europesays.com\/lv\/114728\/"},"modified":"2026-01-27T07:40:11","modified_gmt":"2026-01-27T07:40:11","slug":"pec-darba-uz-lielbritanijas-kuga-neatgriezas-majas-mekle-bezvests-pazuduso-alekseju","status":"publish","type":"post","link":"https:\/\/www.europesays.com\/lv\/114728\/","title":{"rendered":"P\u0113c darba uz Lielbrit\u0101nijas ku\u0123a neatgriez\u0101s m\u0101j\u0101s \u2013 mekl\u0113 bezv\u0113sts pazudu\u0161o Alekseju"},"content":{"rendered":"<p class=\"x_MsoNormal\">V\u012brietis str\u0101d\u0101jis uz Lielbrit\u0101nijas ku\u0123a, darba l\u012bgums beidz\u0101s \u0161\u0101 gada 21. janv\u0101r\u012b un bija paredz\u0113ts, ka 22. janv\u0101r\u012b vi\u0146\u0161 atgriez\u012bsies m\u0101j\u0101s. Ta\u010du sav\u0101 dz\u012bvesviet\u0101 R\u012bg\u0101, Stirnu iel\u0101, vi\u0146\u0161 l\u012bdz \u0161im br\u012bdim nav atgriezies.<\/p>\n<p class=\"x_MsoNormal\">Paz\u012bmes: augums 176 cm, kalsnas miesas b\u016bves, br\u016bniem matiem.<\/p>\n<p class=\"x_MsoNormal\">Valsts <a href=\"https:\/\/www.apollo.lv\/term\/565901\/policija\" class=\"topicLink\" target=\"_blank\" rel=\"nofollow noopener\">policija<\/a> aicina apl\u016bkot Alekseja fotogr\u0101fiju un atsaukties ikvienu, kur\u0161 zina vi\u0146a iesp\u0113jamo atra\u0161an\u0101s vietu, zvanot pa t\u0101lru\u0146a numuru 112.<\/p>\n","protected":false},"excerpt":{"rendered":"V\u012brietis str\u0101d\u0101jis uz Lielbrit\u0101nijas ku\u0123a, darba l\u012bgums beidz\u0101s \u0161\u0101 gada 21. janv\u0101r\u012b un bija paredz\u0113ts, ka 22. janv\u0101r\u012b&hellip;\n","protected":false},"author":2,"featured_media":114729,"comment_status":"","ping_status":"","sticky":false,"template":"","format":"standard","meta":{"footnotes":""},"categories":[12],"tags":[23,28,29,32,33,22,30,31,35,39,38,36,37,34,40,20,163,162,26,27,24,25,138,21],"class_list":{"0":"post-114728","1":"post","2":"type-post","3":"status-publish","4":"format-standard","5":"has-post-thumbnail","7":"category-latvija","8":"tag-aktualitates","9":"tag-breaking-news","10":"tag-breakingnews","11":"tag-featured-news","12":"tag-featurednews","13":"tag-headlines","14":"tag-latest-news","15":"tag-latestnews","16":"tag-latvia","17":"tag-latvian","18":"tag-latviesu","19":"tag-latviesu-valoda","20":"tag-latviesuvaloda","21":"tag-latvija","22":"tag-lv","23":"tag-news","24":"tag-policija","25":"tag-policija-mekle","26":"tag-popularakas-zinas","27":"tag-popularakaszinas","28":"tag-top-stories","29":"tag-topstories","30":"tag-valsts-policija","31":"tag-zinas"},"share_on_mastodon":{"url":"https:\/\/pubeurope.com\/@lv\/115965933859506505","error":""},"_links":{"self":[{"href":"https:\/\/www.europesays.com\/lv\/wp-json\/wp\/v2\/posts\/114728","targetHints":{"allow":["GET"]}}],"collection":[{"href":"https:\/\/www.europesays.com\/lv\/wp-json\/wp\/v2\/posts"}],"about":[{"href":"https:\/\/www.europesays.com\/lv\/wp-json\/wp\/v2\/types\/post"}],"author":[{"embeddable":true,"href":"https:\/\/www.europesays.com\/lv\/wp-json\/wp\/v2\/users\/2"}],"replies":[{"embeddable":true,"href":"https:\/\/www.europesays.com\/lv\/wp-json\/wp\/v2\/comments?post=114728"}],"version-history":[{"count":0,"href":"https:\/\/www.europesays.com\/lv\/wp-json\/wp\/v2\/posts\/114728\/revisions"}],"wp:featuredmedia":[{"embeddable":true,"href":"https:\/\/www.europesays.com\/lv\/wp-json\/wp\/v2\/media\/114729"}],"wp:attachment":[{"href":"https:\/\/www.europesays.com\/lv\/wp-json\/wp\/v2\/media?parent=114728"}],"wp:term":[{"taxonomy":"category","embeddable":true,"href":"https:\/\/www.europesays.com\/lv\/wp-json\/wp\/v2\/categories?post=114728"},{"taxonomy":"post_tag","embeddable":true,"href":"https:\/\/www.europesays.com\/lv\/wp-json\/wp\/v2\/tags?post=114728"}],"curies":[{"name":"wp","href":"https:\/\/api.w.org\/{rel}","templated":true}]}}