{"id":114732,"date":"2026-01-27T07:42:08","date_gmt":"2026-01-27T07:42:08","guid":{"rendered":"https:\/\/www.europesays.com\/lv\/114732\/"},"modified":"2026-01-27T07:42:08","modified_gmt":"2026-01-27T07:42:08","slug":"radosaja-rupnica-veldze-tiks-godalgoti-5-ordena-laureati-latvijas-hiphopa","status":"publish","type":"post","link":"https:\/\/www.europesays.com\/lv\/114732\/","title":{"rendered":"Rado\u0161aj\u0101 r\u016bpn\u012bc\u0101 &#8220;Veldze&#8221; tiks godalgoti &#8220;5% orde\u0146a&#8221; laure\u0101ti Latvijas hiphop\u0101"},"content":{"rendered":"<p><img decoding=\"async\" class=\"figure__image\" onclick=\"triggerEvent('articleImageClick', { id: 15938818, focus: 'single-image', focusIndex: '15938818' })\" onkeydown=\"if (event.key === 'Enter') {&#10;        triggerEvent('articleImageClick', { id: 15938818, focus: 'single-image', focusIndex: '15938818' })&#10;        }\" role=\"button\" tabindex=\"0\" data-focus-from=\"single-image\" data-focus-index=\"15938818\" src=\"https:\/\/www.europesays.com\/lv\/wp-content\/uploads\/2026\/01\/15938818t1hdd5d.jpg\"  onload=\"this.parentElement.classList.remove('figure__image-loading')\" alt=\"&quot;Net\u012br\u0101s cilpas&quot; jeb 181h un ansis (br\u0101\u013ci Ansis un K\u0101rlis Kolma\u0146i).\"\/>&#8220;Net\u012br\u0101s cilpas&#8221; jeb 181h un ansis (br\u0101\u013ci Ansis un K\u0101rlis Kolma\u0146i). Foto: Pauls Zvirbulis\/TVNET GRUPA<\/p>\n<p>&#8220;5% orde\u0146a&#8221; apbalvo\u0161anas ceremonijas izveidot\u0101js un organizators reperis <a href=\"https:\/\/sejas.tvnet.lv\/term\/613246\/ansis\" class=\"topicLink\" target=\"_blank\" rel=\"nofollow noopener\">ansis<\/a> uzsver: &#8220;Repa evol\u016bcijai Latvij\u0101 viens no v\u0113rt\u012bg\u0101kajiem un sarg\u0101jam\u0101kajiem faktoriem vienm\u0113r ir bijis organisks entuziasms. <a href=\"https:\/\/sejas.tvnet.lv\/term\/556444\/hiphops\" class=\"topicLink\" target=\"_blank\" rel=\"nofollow noopener\">Hiphops<\/a> Latvij\u0101 ir izdz\u012bvojis un sp\u0113jis augt ne tikai d\u0113\u013c t\u0101 pan\u0101kumiem \u0161ovbiznes\u0101 un m\u016bzikas industrij\u0101, bet pateicoties vesel\u012bgam fan\u0101tismam, konkr\u0113tu cilv\u0113ku ener\u0123ijas invest\u012bcij\u0101m un sal\u012bdzino\u0161i nelielas cilv\u0113ku grupas entuziasmam. <a href=\"https:\/\/sejas.tvnet.lv\/term\/859633\/5-akademija\" class=\"topicLink\" target=\"_blank\" rel=\"nofollow noopener\">&#8220;5% Akad\u0113mija&#8221;<\/a> ir platforma, kur \u0161o dzirksti var redz\u0113t uztur\u0113tu dz\u012bvu nelielas, bet entuziastiskas kom\u016bnas veidol\u0101, un presti\u017eais &#8220;5% orde\u0146a&#8221; nov\u0113rt\u0113jums ir \u0161\u012bs kom\u016bnas balss. Katrs, kam ir interese par repu k\u0101 Latvijas kult\u016brprocesu sast\u0101vda\u013cu, ir aicin\u0101ts pievienoties.&#8221;<\/p>\n<p>Ar rado\u0161\u0101s r\u016bpn\u012bcas &#8220;Veldze&#8221;, &#8220;Flagmanis&#8221;, &#8220;Me\u017epils&#8221;, &#8220;Bourzma&#8221;, &#8220;HiphopsLV&#8221;, &#8220;TimelessR&#8221;, &#8220;RM Studio&#8221; un &#8220;SkanaGaisma.lv&#8221; atbalstu orde\u0146u pasnieg\u0161anas ceremoniju 30. janv\u0101r\u012b kl\u0101tien\u0113 rado\u0161aj\u0101 r\u016bpn\u012bc\u0101 &#8220;Veldze&#8221; apmekl\u0113s tikai nominanti, savuk\u0101rt &#8220;HIPHOPS LV&#8221; YouTube kan\u0101l\u0101 to var\u0113s v\u0113rot ikviens interesents.<\/p>\n<p>Tie\u0161raides links <a target=\"_blank\" rel=\"noopener noreferrer nofollow\" href=\"https:\/\/youtube.com\/live\/40CVffePm4w%205%\">atrodams \u0161eit<\/a>.<\/p>\n<p>Pa\u0161as &#8220;5% Akad\u0113mijas&#8221; m\u0101jvieta lietotn\u0113 Discord <a target=\"_blank\" rel=\"noopener noreferrer nofollow\" href=\"https:\/\/discord.gg\/X8k9u2QbfK%20\">atrodama \u0161eit<\/a>.<\/p>\n<p>Par &#8220;5% ordeni&#8221; &#8220;5% ordenis&#8221; ir ikgad\u0113ja apbalvo\u0161anas ceremonija, kas radusies Latvijas liel\u0101kaj\u0101 hiphopa fanu kopien\u0101 &#8220;5% Akad\u0113mija&#8221;. To 2022.gad\u0101 izveidojis ansis, un t\u0101s m\u0113r\u0137is ir izcelt gada spilgt\u0101kos notikumus, dziesmas, b\u012btus, repa rindas un cilv\u0113kus, kas att\u012bsta \u0161o m\u016bzikas \u017eanru.<\/p>\n","protected":false},"excerpt":{"rendered":"&#8220;Net\u012br\u0101s cilpas&#8221; jeb 181h un ansis (br\u0101\u013ci Ansis un K\u0101rlis Kolma\u0146i). Foto: Pauls Zvirbulis\/TVNET GRUPA &#8220;5% orde\u0146a&#8221; apbalvo\u0161anas&hellip;\n","protected":false},"author":2,"featured_media":114733,"comment_status":"","ping_status":"","sticky":false,"template":"","format":"standard","meta":{"footnotes":""},"categories":[19],"tags":[26690,5785,89,5321,26692,90,35,39,38,36,37,34,40,26691,15150],"class_list":{"0":"post-114732","1":"post","2":"type-post","3":"status-publish","4":"format-standard","5":"has-post-thumbnail","7":"category-izklaide","8":"tag-5-akademija","9":"tag-ansis","10":"tag-entertainment","11":"tag-hiphops","12":"tag-hiphops-lv","13":"tag-izklaide","14":"tag-latvia","15":"tag-latvian","16":"tag-latviesu","17":"tag-latviesu-valoda","18":"tag-latviesuvaloda","19":"tag-latvija","20":"tag-lv","21":"tag-radosa-rupnica-veldze","22":"tag-reps"},"share_on_mastodon":{"url":"https:\/\/pubeurope.com\/@lv\/115965941852545503","error":""},"_links":{"self":[{"href":"https:\/\/www.europesays.com\/lv\/wp-json\/wp\/v2\/posts\/114732","targetHints":{"allow":["GET"]}}],"collection":[{"href":"https:\/\/www.europesays.com\/lv\/wp-json\/wp\/v2\/posts"}],"about":[{"href":"https:\/\/www.europesays.com\/lv\/wp-json\/wp\/v2\/types\/post"}],"author":[{"embeddable":true,"href":"https:\/\/www.europesays.com\/lv\/wp-json\/wp\/v2\/users\/2"}],"replies":[{"embeddable":true,"href":"https:\/\/www.europesays.com\/lv\/wp-json\/wp\/v2\/comments?post=114732"}],"version-history":[{"count":0,"href":"https:\/\/www.europesays.com\/lv\/wp-json\/wp\/v2\/posts\/114732\/revisions"}],"wp:featuredmedia":[{"embeddable":true,"href":"https:\/\/www.europesays.com\/lv\/wp-json\/wp\/v2\/media\/114733"}],"wp:attachment":[{"href":"https:\/\/www.europesays.com\/lv\/wp-json\/wp\/v2\/media?parent=114732"}],"wp:term":[{"taxonomy":"category","embeddable":true,"href":"https:\/\/www.europesays.com\/lv\/wp-json\/wp\/v2\/categories?post=114732"},{"taxonomy":"post_tag","embeddable":true,"href":"https:\/\/www.europesays.com\/lv\/wp-json\/wp\/v2\/tags?post=114732"}],"curies":[{"name":"wp","href":"https:\/\/api.w.org\/{rel}","templated":true}]}}