{"id":114736,"date":"2026-01-27T07:44:09","date_gmt":"2026-01-27T07:44:09","guid":{"rendered":"https:\/\/www.europesays.com\/lv\/114736\/"},"modified":"2026-01-27T07:44:09","modified_gmt":"2026-01-27T07:44:09","slug":"parveleta-agrova-baltics-valde-dienas-bizness","status":"publish","type":"post","link":"https:\/\/www.europesays.com\/lv\/114736\/","title":{"rendered":"P\u0101rv\u0113l\u0113ta Agrova Baltics valde :: Dienas Bizness"},"content":{"rendered":"<p class=\"text-font font-size--text-xlarge margin-3--bottom font-weight--bold padding-1--top\">Pag\u0101ju\u0161aj\u0101 ned\u0113\u013c\u0101 p\u0101rv\u0113l\u0113ta AS &#8220;Agrova Baltics&#8221; (iepriek\u0161 &#8211; AS &#8220;APF Holdings&#8221;) valde, liecina uz\u0146\u0113muma pazi\u0146ojums bir\u017eai &#8220;Nasdaq Riga&#8221;.<\/p>\n<p class=\"text-font font-size--text-xlarge margin-3--bottom\">Sabiedr\u012bbas padome 22. janv\u0101r\u012b l\u0113musi vald\u0113 atk\u0101rtoti iev\u0113l\u0113t Juriju Adamovi\u010du, Hermani Dovgiju un Mihailu Keziku. Adamovi\u010ds turpin\u0101s b\u016bs valdes priek\u0161s\u0113d\u0113t\u0101js. Padome uzskata, ka t\u0101d\u0113j\u0101di tiks nodro\u0161in\u0101ta vad\u012bbas nep\u0101rtraukt\u012bba, konsekventa strat\u0113\u0123ijas \u012bsteno\u0161ana un sabiedr\u012bbas sp\u0113ja ar\u012b turpm\u0101k att\u012bst\u012bties ar l\u012bdz\u0161in\u0113jo izaugsmes tempu un efektivit\u0101ti.<\/p>\n<p class=\"text-font font-size--text-xlarge margin-3--bottom\">&#8220;L\u0113mumi ir tehniska rakstura un neparedz nek\u0101das izmai\u0146as valdes sast\u0101v\u0101 vai Sabiedr\u012bbas strat\u0113\u0123iskaj\u0101 virzien\u0101 un ikdienas darb\u012bb\u0101,&#8221; nor\u0101d\u012bts uz\u0146\u0113muma pazi\u0146ojum\u0101.<\/p>\n<p class=\"text-font font-size--text-xlarge margin-3--bottom\">\u012asi pirms gadumijas, 2025. gada 29. decembr\u012b, AS &#8220;APF Holdings&#8221; main\u012bja nosaukumu uz AS &#8220;Agrova Baltics&#8221;. Vienlaikus komp\u0101nijas padom\u0113 darbu s\u0101ka Dmitro Kiste\u010dko, liecina &#8220;Firmas.lv&#8221; inform\u0101cija.<\/p>\n<p class=\"text-font font-size--text-xlarge margin-3--bottom\">Par nosaukuma mai\u0146u un padomes sast\u0101va papla\u0161in\u0101\u0161anu komp\u0101nijas akcion\u0101ri l\u0113ma \u0101rk\u0101rtas sapulc\u0113 2025. gada 10. decembr\u012b.<\/p>\n<p class=\"text-font font-size--text-xlarge margin-3--bottom\">&#8220;Agrova Baltics&#8221; publiskot\u0101 inform\u0101cija liecina, ka t\u0101s kapit\u0101l\u0101 Adamovi\u010dam piedero\u0161ajai SIA &#8220;J.A. Investment Holdings&#8221; pieder vair\u0101k nek\u0101 80,5%. Ta\u010du p\u0113rn novembra s\u0101kum\u0101 uz\u0146\u0113mums zi\u0146oja, ka SIA &#8220;Agrova International&#8221; p\u0101r\u0146\u0113musi Adamovi\u010dam piedero\u0161\u0101s &#8220;Agrova Baltics&#8221; akcijas.<\/p>\n<p class=\"text-font font-size--text-xlarge margin-3--bottom\">P\u0113c &#8220;Firmas.lv&#8221; datiem, &#8220;Agrova International&#8221; kapit\u0101l\u0101 kop\u0161 2025. gada novembra vidus 77% pieder SIA &#8220;Agrova Holdings&#8221;, kura savuk\u0101rt pieder &#8220;J.A. Investment Holdings&#8221;, bet 23% pieder Luksemburgas &#8220;AMC V Layer SARL&#8221;. Pirms tam &#8220;Agrova International&#8221; vien\u012bg\u0101 \u012bpa\u0161niece bija &#8220;Agrova Holdings&#8221;.<\/p>\n<p class=\"text-font font-size--text-xlarge margin-3--bottom\">Uz\u0146\u0113mums &#8220;Agrova International&#8221; re\u0123istr\u0113ts 2025. gada 30. septembr\u012b, un t\u0101 pamatkapit\u0101ls ir 334 783 eiro. Savuk\u0101rt &#8220;Agrova Holdings&#8221; re\u0123istr\u0113ta 2025. gada 26. septembr\u012b, un t\u0101s pamatkapit\u0101ls ir 2800 eiro.<\/p>\n<p class=\"text-font font-size--text-xlarge margin-3--bottom\">&#8220;Agrova Baltics&#8221; koncerna apgroz\u012bjums 2025. gada pirmaj\u0101 pusgad\u0101 bija 10,013 miljoni eiro, kas ir par 69,5% vair\u0101k nek\u0101 attiec\u012bgaj\u0101 period\u0101 gadu iepriek\u0161, k\u0101 ar\u012b komp\u0101nija guva 1,722 miljonu eiro pe\u013c\u0146u pretstat\u0101 zaud\u0113jumiem 2024. gada pirmaj\u0101 pusgad\u0101.<\/p>\n<p class=\"text-font font-size--text-xlarge margin-3--bottom\">Uz\u0146\u0113mumu grup\u0101 ietilpst putnkop\u012bbas un olu ra\u017eo\u0161anas uz\u0146\u0113mums &#8220;Al\u016bksnes putnu ferma&#8221;, vairumtirdzniec\u012bbas uz\u0146\u0113mums SIA &#8220;APF Trading&#8221;, putnkop\u012bbas un olu ra\u017eo\u0161anas pakalpojumu sniedz\u0113js SIA &#8220;Oluksne&#8221;, g\u0101zes un organisk\u0101 m\u0113slojuma ra\u017eot\u0101js SIA &#8220;APF Energy&#8221; un putnkop\u012bbas un jaunputnu audz\u0113\u0161anas uz\u0146\u0113mums SIA &#8220;Prei\u013cu putni&#8221;. T\u0101pat &#8220;Agrova Baltics&#8221; pieder 51% Lielbrit\u0101nijas mobilo sp\u0113\u013cu komp\u0101nij\u0101 &#8220;Chick Game Studios&#8221;. Savuk\u0101rt &#8220;Agrova International&#8221; pieder Lielbrit\u0101nijas olu ra\u017eot\u0101js &#8220;Sunrise Group&#8221;.<\/p>\n<p class=\"text-font font-size--text-xlarge margin-3--bottom\">Komp\u0101nija &#8220;Agrova Baltics&#8221; re\u0123istr\u0113ta 2017. gad\u0101. Komp\u0101nijas akcijas ir iek\u013cautas bir\u017eas &#8220;Nasdaq Riga&#8221; alternat\u012bvaj\u0101 tirg\u016b &#8220;First North&#8221;.<\/p>\n","protected":false},"excerpt":{"rendered":"Pag\u0101ju\u0161aj\u0101 ned\u0113\u013c\u0101 p\u0101rv\u0113l\u0113ta AS &#8220;Agrova Baltics&#8221; (iepriek\u0161 &#8211; AS &#8220;APF Holdings&#8221;) valde, liecina uz\u0146\u0113muma pazi\u0146ojums bir\u017eai &#8220;Nasdaq Riga&#8221;.&hellip;\n","protected":false},"author":2,"featured_media":114737,"comment_status":"","ping_status":"","sticky":false,"template":"","format":"standard","meta":{"footnotes":""},"categories":[16],"tags":[869,77,870,76,867,35,39,38,36,37,34,871,868,40,21],"class_list":{"0":"post-114736","1":"post","2":"type-post","3":"status-publish","4":"format-standard","5":"has-post-thumbnail","7":"category-bizness","8":"tag-biznesa-zinas","9":"tag-bizness","10":"tag-bizness-latvija","11":"tag-business","12":"tag-dienas-zinas","13":"tag-latvia","14":"tag-latvian","15":"tag-latviesu","16":"tag-latviesu-valoda","17":"tag-latviesuvaloda","18":"tag-latvija","19":"tag-latvijas-biznesa-zinas","20":"tag-latvijas-zinas","21":"tag-lv","22":"tag-zinas"},"share_on_mastodon":{"url":"https:\/\/pubeurope.com\/@lv\/115965949661786261","error":""},"_links":{"self":[{"href":"https:\/\/www.europesays.com\/lv\/wp-json\/wp\/v2\/posts\/114736","targetHints":{"allow":["GET"]}}],"collection":[{"href":"https:\/\/www.europesays.com\/lv\/wp-json\/wp\/v2\/posts"}],"about":[{"href":"https:\/\/www.europesays.com\/lv\/wp-json\/wp\/v2\/types\/post"}],"author":[{"embeddable":true,"href":"https:\/\/www.europesays.com\/lv\/wp-json\/wp\/v2\/users\/2"}],"replies":[{"embeddable":true,"href":"https:\/\/www.europesays.com\/lv\/wp-json\/wp\/v2\/comments?post=114736"}],"version-history":[{"count":0,"href":"https:\/\/www.europesays.com\/lv\/wp-json\/wp\/v2\/posts\/114736\/revisions"}],"wp:featuredmedia":[{"embeddable":true,"href":"https:\/\/www.europesays.com\/lv\/wp-json\/wp\/v2\/media\/114737"}],"wp:attachment":[{"href":"https:\/\/www.europesays.com\/lv\/wp-json\/wp\/v2\/media?parent=114736"}],"wp:term":[{"taxonomy":"category","embeddable":true,"href":"https:\/\/www.europesays.com\/lv\/wp-json\/wp\/v2\/categories?post=114736"},{"taxonomy":"post_tag","embeddable":true,"href":"https:\/\/www.europesays.com\/lv\/wp-json\/wp\/v2\/tags?post=114736"}],"curies":[{"name":"wp","href":"https:\/\/api.w.org\/{rel}","templated":true}]}}