{"id":114740,"date":"2026-01-27T07:47:10","date_gmt":"2026-01-27T07:47:10","guid":{"rendered":"https:\/\/www.europesays.com\/lv\/114740\/"},"modified":"2026-01-27T07:47:10","modified_gmt":"2026-01-27T07:47:10","slug":"policistu-trukuma-galvenais-iemesls-vairs-nav-atalgojums-secinajusi-valsts-kontrole","status":"publish","type":"post","link":"https:\/\/www.europesays.com\/lv\/114740\/","title":{"rendered":"Policistu tr\u016bkuma galvenais iemesls vairs nav atalgojums, secin\u0101jusi Valsts kontrole"},"content":{"rendered":"<p>&#8220;\u0160\u0101da pieeja atbilst Satversmes ievad\u0101 nostiprin\u0101tajam solidarit\u0101tes principam &#8211; ikviens r\u016bp\u0113jas par sevi, saviem tuviniekiem un sabiedr\u012bbas kop\u0113jo labumu, izturoties atbild\u012bgi pret citiem,&#8221; saka Litvins. Vi\u0146\u0161 pau\u017e, ka piln\u012bga pa\u013cau\u0161an\u0101s tikai uz policiju nav ne re\u0101la, ne ar\u012b v\u0113lama, jo t\u0101 v\u0101jina sabiedr\u012bbas notur\u012bbu un katras personas atbild\u012bbu.<\/p>\n<p>&#8220;M\u016bsdien\u0101s ir da\u017e\u0101das iesp\u0113jas, k\u0101 priv\u0101tpersonas pa\u0161as var aizsarg\u0101t savu \u012bpa\u0161umu un iesaist\u012bties sabiedrisk\u0101s k\u0101rt\u012bbas un dro\u0161\u012bbas stiprin\u0101\u0161an\u0101,&#8221; piebilst Litvins.<\/p>\n<p>Valsts kontrole uzskata, ka b\u016btisku ieguld\u012bjumu var sniegt br\u012bvpr\u0101t\u012bgie policijas pal\u012bgi, kuru efektivit\u0101ti apliecina kaimi\u0146valstu pieredze. Latvij\u0101 \u0161obr\u012bd ir vien 27 policijas pal\u012bgu un \u0161\u012b form\u0101ta att\u012bst\u012bba un noz\u012bme nav pietiekami nov\u0113rt\u0113ta, t\u0101p\u0113c nepiecie\u0161ami pilotprojekti, lai noteiktu efekt\u012bv\u0101kos mode\u013cus, nor\u0101da revidenti.<\/p>\n<p>T\u0101pat revidenti nor\u0101d\u012bju\u0161i, ka policijas resursus iesp\u0113jams atslogot, pla\u0161\u0101k iesaistot ar\u012b priv\u0101tos apsardzes komersantus. \u0160obr\u012bd da\u017e\u0101du objektu apsardzi nodro\u0161ina 280 policisti. Tas nav lab\u0101kais veids, k\u0101 izmantot dienestam speci\u0101li sagatavotu person\u0101lu, \u012bpa\u0161i apst\u0101k\u013cos, kad policistu tr\u016bkst, uzskata Valsts kontrole.<\/p>\n","protected":false},"excerpt":{"rendered":"&#8220;\u0160\u0101da pieeja atbilst Satversmes ievad\u0101 nostiprin\u0101tajam solidarit\u0101tes principam &#8211; ikviens r\u016bp\u0113jas par sevi, saviem tuviniekiem un sabiedr\u012bbas kop\u0113jo&hellip;\n","protected":false},"author":2,"featured_media":114741,"comment_status":"","ping_status":"","sticky":false,"template":"","format":"standard","meta":{"footnotes":""},"categories":[5],"tags":[23,28,29,32,33,22,30,31,35,39,38,36,37,34,40,20,26,27,24,25,786,138,21],"class_list":{"0":"post-114740","1":"post","2":"type-post","3":"status-publish","4":"format-standard","5":"has-post-thumbnail","7":"category-aktualitates","8":"tag-aktualitates","9":"tag-breaking-news","10":"tag-breakingnews","11":"tag-featured-news","12":"tag-featurednews","13":"tag-headlines","14":"tag-latest-news","15":"tag-latestnews","16":"tag-latvia","17":"tag-latvian","18":"tag-latviesu","19":"tag-latviesu-valoda","20":"tag-latviesuvaloda","21":"tag-latvija","22":"tag-lv","23":"tag-news","24":"tag-popularakas-zinas","25":"tag-popularakaszinas","26":"tag-top-stories","27":"tag-topstories","28":"tag-valsts-kontrole","29":"tag-valsts-policija","30":"tag-zinas"},"share_on_mastodon":{"url":"https:\/\/pubeurope.com\/@lv\/115965961326116236","error":""},"_links":{"self":[{"href":"https:\/\/www.europesays.com\/lv\/wp-json\/wp\/v2\/posts\/114740","targetHints":{"allow":["GET"]}}],"collection":[{"href":"https:\/\/www.europesays.com\/lv\/wp-json\/wp\/v2\/posts"}],"about":[{"href":"https:\/\/www.europesays.com\/lv\/wp-json\/wp\/v2\/types\/post"}],"author":[{"embeddable":true,"href":"https:\/\/www.europesays.com\/lv\/wp-json\/wp\/v2\/users\/2"}],"replies":[{"embeddable":true,"href":"https:\/\/www.europesays.com\/lv\/wp-json\/wp\/v2\/comments?post=114740"}],"version-history":[{"count":0,"href":"https:\/\/www.europesays.com\/lv\/wp-json\/wp\/v2\/posts\/114740\/revisions"}],"wp:featuredmedia":[{"embeddable":true,"href":"https:\/\/www.europesays.com\/lv\/wp-json\/wp\/v2\/media\/114741"}],"wp:attachment":[{"href":"https:\/\/www.europesays.com\/lv\/wp-json\/wp\/v2\/media?parent=114740"}],"wp:term":[{"taxonomy":"category","embeddable":true,"href":"https:\/\/www.europesays.com\/lv\/wp-json\/wp\/v2\/categories?post=114740"},{"taxonomy":"post_tag","embeddable":true,"href":"https:\/\/www.europesays.com\/lv\/wp-json\/wp\/v2\/tags?post=114740"}],"curies":[{"name":"wp","href":"https:\/\/api.w.org\/{rel}","templated":true}]}}