{"id":114746,"date":"2026-01-27T07:51:09","date_gmt":"2026-01-27T07:51:09","guid":{"rendered":"https:\/\/www.europesays.com\/lv\/114746\/"},"modified":"2026-01-27T07:51:09","modified_gmt":"2026-01-27T07:51:09","slug":"tramps-paaugstina-dienvidkorejai-noteiktos-tarifus","status":"publish","type":"post","link":"https:\/\/www.europesays.com\/lv\/114746\/","title":{"rendered":"Tramps paaugstina Dienvidkorejai noteiktos tarifus"},"content":{"rendered":"<p>&#8220;T\u0101 k\u0101 Korejas Likumdo\u0161anas sapulce nav ieviesusi m\u016bsu v\u0113sturisko tirdzniec\u012bbas vieno\u0161anos, kas ir vi\u0146u prerogat\u012bva, es ar \u0161o palielinu tarifus Dienvidkorejas auto, kokmateri\u0101liem, farm\u0101cijas produkcijai, un visus p\u0101r\u0113jos savstarp\u0113jos tarifus&#8221; no 15% l\u012bdz 25%, Tramps rakst\u012bja sav\u0101 soci\u0101lo mediju platform\u0101 &#8220;Truth Social&#8221;.<\/p>\n<p>Va\u0161ingtona un Seula pirms vair\u0101kiem m\u0113ne\u0161iem nosl\u0113dza tirdzniec\u012bbas un dro\u0161\u012bbas vieno\u0161anos p\u0113c m\u0113ne\u0161iem ilg\u0101m sasp\u012bl\u0113t\u0101m sarun\u0101m.<\/p>\n<p>Vieno\u0161an\u0101s tika gal\u012bgi izstr\u0101d\u0101ta p\u0113c Trampa tik\u0161an\u0101s ar Dienvidkorejas prezidentu Li D\u017eemjunu oktobr\u012b. T\u0101 ietv\u0113ra Dienvidkorejas sol\u012bjumus par invest\u012bcij\u0101m l\u012bdztekus <a href=\"https:\/\/www.tvnet.lv\/term\/555410\/asv\" class=\"topicLink\" target=\"_blank\" rel=\"nofollow noopener\">ASV<\/a> tarifu samazin\u0101\u0161anai.<\/p>\n<p>Saska\u0146\u0101 ar \u0161o vieno\u0161anos Va\u0161ingtona saglab\u0101tu muitas nodevas l\u012bdz 15% Dienvidkorejas prec\u0113m, tostarp automa\u0161\u012bn\u0101m, auto da\u013c\u0101m un farm\u0101cijas produkcijai. Muitas <a href=\"https:\/\/www.tvnet.lv\/term\/559982\/tarifi\" class=\"topicLink\" target=\"_blank\" rel=\"nofollow noopener\">tarifi<\/a> Dienvidkorejas automa\u0161\u012bn\u0101m tiktu samazin\u0101ti no 25% l\u012bme\u0146a.<\/p>\n<p>Autob\u016bves produkcija sast\u0101da 27% no Dienvidkorejas eksporta uz ASV, kas import\u0113 apm\u0113ram pusi no Dienvidkorejas automa\u0161\u012bnu eksporta.<\/p>\n<p>Atgrie\u0161an\u0101s pie augst\u0101ka tarifa nost\u0101d\u012btu Dienvidkorejas eksportu neizdev\u012bg\u0101k\u0101 poz\u012bcij\u0101 sal\u012bdzin\u0101jum\u0101 ar Jap\u0101nu un Eiropas Savien\u012bbu (ES), kas nosl\u0113gu\u0161as vieno\u0161an\u0101s ar ASV par 15% tarifu.<\/p>\n","protected":false},"excerpt":{"rendered":"&#8220;T\u0101 k\u0101 Korejas Likumdo\u0161anas sapulce nav ieviesusi m\u016bsu v\u0113sturisko tirdzniec\u012bbas vieno\u0161anos, kas ir vi\u0146u prerogat\u012bva, es ar \u0161o&hellip;\n","protected":false},"author":2,"featured_media":114747,"comment_status":"","ping_status":"","sticky":false,"template":"","format":"standard","meta":{"footnotes":""},"categories":[14],"tags":[23,57,292,28,29,2378,542,32,33,22,30,31,35,39,38,36,37,34,40,20,26,27,1596,24,25,54,55,56,21,58],"class_list":{"0":"post-114746","1":"post","2":"type-post","3":"status-publish","4":"format-standard","5":"has-post-thumbnail","7":"category-zinas-no-arvalstim","8":"tag-aktualitates","9":"tag-arvalstim","10":"tag-asv","11":"tag-breaking-news","12":"tag-breakingnews","13":"tag-dienvidkoreja","14":"tag-donalds-tramps","15":"tag-featured-news","16":"tag-featurednews","17":"tag-headlines","18":"tag-latest-news","19":"tag-latestnews","20":"tag-latvia","21":"tag-latvian","22":"tag-latviesu","23":"tag-latviesu-valoda","24":"tag-latviesuvaloda","25":"tag-latvija","26":"tag-lv","27":"tag-news","28":"tag-popularakas-zinas","29":"tag-popularakaszinas","30":"tag-tarifi","31":"tag-top-stories","32":"tag-topstories","33":"tag-world","34":"tag-world-news","35":"tag-worldnews","36":"tag-zinas","37":"tag-zinas-no-arvalstim"},"share_on_mastodon":{"url":"https:\/\/pubeurope.com\/@lv\/115965977094882945","error":""},"_links":{"self":[{"href":"https:\/\/www.europesays.com\/lv\/wp-json\/wp\/v2\/posts\/114746","targetHints":{"allow":["GET"]}}],"collection":[{"href":"https:\/\/www.europesays.com\/lv\/wp-json\/wp\/v2\/posts"}],"about":[{"href":"https:\/\/www.europesays.com\/lv\/wp-json\/wp\/v2\/types\/post"}],"author":[{"embeddable":true,"href":"https:\/\/www.europesays.com\/lv\/wp-json\/wp\/v2\/users\/2"}],"replies":[{"embeddable":true,"href":"https:\/\/www.europesays.com\/lv\/wp-json\/wp\/v2\/comments?post=114746"}],"version-history":[{"count":0,"href":"https:\/\/www.europesays.com\/lv\/wp-json\/wp\/v2\/posts\/114746\/revisions"}],"wp:featuredmedia":[{"embeddable":true,"href":"https:\/\/www.europesays.com\/lv\/wp-json\/wp\/v2\/media\/114747"}],"wp:attachment":[{"href":"https:\/\/www.europesays.com\/lv\/wp-json\/wp\/v2\/media?parent=114746"}],"wp:term":[{"taxonomy":"category","embeddable":true,"href":"https:\/\/www.europesays.com\/lv\/wp-json\/wp\/v2\/categories?post=114746"},{"taxonomy":"post_tag","embeddable":true,"href":"https:\/\/www.europesays.com\/lv\/wp-json\/wp\/v2\/tags?post=114746"}],"curies":[{"name":"wp","href":"https:\/\/api.w.org\/{rel}","templated":true}]}}