{"id":11475,"date":"2025-10-03T13:09:07","date_gmt":"2025-10-03T13:09:07","guid":{"rendered":"https:\/\/www.europesays.com\/lv\/11475\/"},"modified":"2025-10-03T13:09:07","modified_gmt":"2025-10-03T13:09:07","slug":"silina-jautajumu-par-kvoruma-trukumu-saeima-nodod-mierinai","status":"publish","type":"post","link":"https:\/\/www.europesays.com\/lv\/11475\/","title":{"rendered":"Sili\u0146a jaut\u0101jumu par kvoruma tr\u016bkumu Saeim\u0101 nodod Mieri\u0146ai"},"content":{"rendered":"<p>Politi\u0137e \u0161\u0101du aicin\u0101jumu izteica, atbildot uz a\u0123ent\u016bras LETA jaut\u0101jumu, vai vi\u0146ai ir p\u0101rliec\u012bba, ka, lemjot par valsts bud\u017eetu, kvorumu parlament\u0101 izdosies sav\u0101kt, ja tas neizdev\u0101s vakar. Premjere nesniedza v\u0113rt\u0113jumu uz jaut\u0101jumu, vai <a href=\"https:\/\/www.tvnet.lv\/term\/780187\/koalicija\" class=\"topicLink\" target=\"_blank\" rel=\"nofollow noopener\">koal\u012bcija<\/a> \u0161obr\u012bd ir stabila.<\/p>\n<p>Sili\u0146ai \u0161odien bija darba tik\u0161an\u0101s ar Mieri\u0146u, bet p\u0113c t\u0101s laiks sarunai ar mediju p\u0101rst\u0101vjiem netika atv\u0113l\u0113ts.<\/p>\n<p>K\u0101 v\u0113st\u012bts, ceturtdien k\u0101rt\u0113j\u0101 Saeimas s\u0113de tika sl\u0113gta, Saeimas opoz\u012bcijai &#8220;noraujot kvorumu&#8221; balsojum\u0101 par groz\u012bjumiem likum\u0101 &#8220;Par pies\u0101r\u0146ojumu&#8221;, kas paredz p\u0101r\u0146emt Eiropas Savien\u012bbas (ES) emisijas kvotu tirdzniec\u012bbas sist\u0113mas un emisijas kvotu tirdzniec\u012bbas sist\u0113mas \u0113ku, transporta un papildu sektoros darb\u012bbu regul\u0113jo\u0161\u0101s ES direkt\u012bvas.<\/p>\n<p>Vair\u0101kas reizes balsojot, par likumprojekta sesto priek\u0161likumu nobalsoja 48 deput\u0101ti. Kvoruma tr\u016bkuma d\u0113\u013c Saeimas priek\u0161s\u0113d\u0113t\u0101ja sl\u0113dza parlamenta s\u0113di.<\/p>\n<p>Opoz\u012bcija &#8220;kvorumu nor\u0101va&#8221; ar\u012b iepriek\u0161\u0113j\u0101 Saeimas s\u0113d\u0113, t\u0101p\u0113c t\u0101 tika sl\u0113gta, deput\u0101tiem neizskatot virkni likumprojektu.<\/p>\n<p>Vienlaikus ceturtdien Saeimas vair\u0101kums noraid\u012bja opoz\u012bcijas deput\u0101tu demisijas piepras\u012bjumu Ministru prezidentei Sili\u0146ai. Neuztic\u012bbas izteik\u0161anu bija rosin\u0101ju\u0161as Saeim\u0101 opoz\u012bcij\u0101 eso\u0161\u0101s partijas Nacion\u0101l\u0101 apvien\u012bba un &#8220;Apvienotais saraksts&#8221;. Ar\u012b \u0161aj\u0101 balsojum\u0101 atbalsts Sili\u0146ai nesasniedza pusi deput\u0101tu balsu, tom\u0113r ar to bija gana, lai opoz\u012bcijas piepras\u012bjums tiktu noraid\u012bts.<\/p>\n<p>Balsojums notika apst\u0101k\u013cos, kad pamat\u012bgi sa\u0161\u0137ob\u012bju\u0161\u0101s attiec\u012bbas ar\u012b pa\u0161\u0101 koal\u012bcij\u0101 starp JV, &#8220;Progres\u012bvajiem&#8221; un Za\u013co un zemnieku savien\u012bbu (ZZS). Koal\u012bcijas partneri ir sol\u012bju\u0161ies vismaz pagaid\u0101m str\u0101d\u0101t kop\u0101, lai pie\u0146emtu n\u0101kam\u0101 gada &#8220;dro\u0161\u012bbas bud\u017eetu&#8221;.<\/p>\n<p>Koal\u012bcijas attiec\u012bbu kr\u012bzi izrais\u012bjusi ZZS r\u012bc\u012bba 25.septembra Saeimas s\u0113d\u0113, pievienojoties opoz\u012bcijai, lai s\u0101ktu Latvijas izst\u0101\u0161an\u0101s no Stambulas konvencijas procesu. Pievieno\u0161an\u0101s Stambulas konvencijai savulaik tika izvirz\u012bts k\u0101 viens no priek\u0161nosac\u012bjumiem Sili\u0146as vald\u012bbas izveidei, koal\u012bcij\u0101 apvienojot &#8220;Jauno vienot\u012bbu&#8221;, ZZS un &#8220;Progres\u012bvos&#8221;.<\/p>\n","protected":false},"excerpt":{"rendered":"Politi\u0137e \u0161\u0101du aicin\u0101jumu izteica, atbildot uz a\u0123ent\u016bras LETA jaut\u0101jumu, vai vi\u0146ai ir p\u0101rliec\u012bba, ka, lemjot par valsts bud\u017eetu,&hellip;\n","protected":false},"author":2,"featured_media":11476,"comment_status":"","ping_status":"","sticky":false,"template":"","format":"standard","meta":{"footnotes":""},"categories":[5],"tags":[23,28,29,3524,1249,32,33,22,351,30,31,35,39,38,36,37,34,40,20,26,27,24,25,21],"class_list":{"0":"post-11475","1":"post","2":"type-post","3":"status-publish","4":"format-standard","5":"has-post-thumbnail","7":"category-aktualitates","8":"tag-aktualitates","9":"tag-breaking-news","10":"tag-breakingnews","11":"tag-daiga-mierina","12":"tag-evika-silina","13":"tag-featured-news","14":"tag-featurednews","15":"tag-headlines","16":"tag-koalicija","17":"tag-latest-news","18":"tag-latestnews","19":"tag-latvia","20":"tag-latvian","21":"tag-latviesu","22":"tag-latviesu-valoda","23":"tag-latviesuvaloda","24":"tag-latvija","25":"tag-lv","26":"tag-news","27":"tag-popularakas-zinas","28":"tag-popularakaszinas","29":"tag-top-stories","30":"tag-topstories","31":"tag-zinas"},"share_on_mastodon":{"url":"","error":""},"_links":{"self":[{"href":"https:\/\/www.europesays.com\/lv\/wp-json\/wp\/v2\/posts\/11475","targetHints":{"allow":["GET"]}}],"collection":[{"href":"https:\/\/www.europesays.com\/lv\/wp-json\/wp\/v2\/posts"}],"about":[{"href":"https:\/\/www.europesays.com\/lv\/wp-json\/wp\/v2\/types\/post"}],"author":[{"embeddable":true,"href":"https:\/\/www.europesays.com\/lv\/wp-json\/wp\/v2\/users\/2"}],"replies":[{"embeddable":true,"href":"https:\/\/www.europesays.com\/lv\/wp-json\/wp\/v2\/comments?post=11475"}],"version-history":[{"count":0,"href":"https:\/\/www.europesays.com\/lv\/wp-json\/wp\/v2\/posts\/11475\/revisions"}],"wp:featuredmedia":[{"embeddable":true,"href":"https:\/\/www.europesays.com\/lv\/wp-json\/wp\/v2\/media\/11476"}],"wp:attachment":[{"href":"https:\/\/www.europesays.com\/lv\/wp-json\/wp\/v2\/media?parent=11475"}],"wp:term":[{"taxonomy":"category","embeddable":true,"href":"https:\/\/www.europesays.com\/lv\/wp-json\/wp\/v2\/categories?post=11475"},{"taxonomy":"post_tag","embeddable":true,"href":"https:\/\/www.europesays.com\/lv\/wp-json\/wp\/v2\/tags?post=11475"}],"curies":[{"name":"wp","href":"https:\/\/api.w.org\/{rel}","templated":true}]}}