{"id":114754,"date":"2026-01-27T07:59:12","date_gmt":"2026-01-27T07:59:12","guid":{"rendered":"https:\/\/www.europesays.com\/lv\/114754\/"},"modified":"2026-01-27T07:59:12","modified_gmt":"2026-01-27T07:59:12","slug":"cik-veseli-ir-tavi-zobi-petijuma-atklats-ka-pec-mutes-veselibas-var-paredzet-priekslaicigu-navi","status":"publish","type":"post","link":"https:\/\/www.europesays.com\/lv\/114754\/","title":{"rendered":"Cik veseli ir tavi zobi? P\u0113t\u012bjum\u0101 atkl\u0101ts, ka p\u0113c mutes vesel\u012bbas var paredz\u0113t priek\u0161laic\u012bgu n\u0101vi"},"content":{"rendered":"<p>K\u0101d\u0101 jap\u0101\u0146u p\u0113t\u012bjum\u0101 atkl\u0101ts, ka m\u016bsu smaids var sl\u0113pt vair\u0101k, nek\u0101 \u0161\u0137iet. Zin\u0101tnieki izanaliz\u0113ju\u0161i desmitiem t\u016bksto\u0161u senioru vesel\u012bbas datus un atradu\u0161i cie\u0161u saikni starp vienu \u0161\u0137ietami ikdieni\u0161\u0137u paz\u012bmi un risku nomirt priek\u0161laic\u012bgi. Un n\u0113, runa nav par asinsspiedienu vai holester\u012bnu. \u0160is atkl\u0101jums maina priek\u0161status par to, kas b\u016btiski ietekm\u0113 cilv\u0113ku vesel\u012bbu vecumdien\u0101s.<\/p>\n<p>Ko tad p\u0113tnieki atkl\u0101ja, un k\u0101 tas attiecas uz jums \u2013 pat ja pensijas vecums jums pien\u0101ks vien p\u0113c desmitiem gadu?<\/p>\n","protected":false},"excerpt":{"rendered":"K\u0101d\u0101 jap\u0101\u0146u p\u0113t\u012bjum\u0101 atkl\u0101ts, ka m\u016bsu smaids var sl\u0113pt vair\u0101k, nek\u0101 \u0161\u0137iet. Zin\u0101tnieki izanaliz\u0113ju\u0161i desmitiem t\u016bksto\u0161u senioru vesel\u012bbas&hellip;\n","protected":false},"author":2,"featured_media":114755,"comment_status":"","ping_status":"","sticky":false,"template":"","format":"standard","meta":{"footnotes":""},"categories":[5],"tags":[23,28,29,32,33,22,30,31,35,39,38,36,37,34,40,20,26,27,24,25,2238,181,787,21,26694],"class_list":{"0":"post-114754","1":"post","2":"type-post","3":"status-publish","4":"format-standard","5":"has-post-thumbnail","7":"category-aktualitates","8":"tag-aktualitates","9":"tag-breaking-news","10":"tag-breakingnews","11":"tag-featured-news","12":"tag-featurednews","13":"tag-headlines","14":"tag-latest-news","15":"tag-latestnews","16":"tag-latvia","17":"tag-latvian","18":"tag-latviesu","19":"tag-latviesu-valoda","20":"tag-latviesuvaloda","21":"tag-latvija","22":"tag-lv","23":"tag-news","24":"tag-popularakas-zinas","25":"tag-popularakaszinas","26":"tag-top-stories","27":"tag-topstories","28":"tag-tvnet-arvalstis","29":"tag-veseliba","30":"tag-veselibas-aprupe","31":"tag-zinas","32":"tag-zobi"},"share_on_mastodon":{"url":"https:\/\/pubeurope.com\/@lv\/115966008605913259","error":""},"_links":{"self":[{"href":"https:\/\/www.europesays.com\/lv\/wp-json\/wp\/v2\/posts\/114754","targetHints":{"allow":["GET"]}}],"collection":[{"href":"https:\/\/www.europesays.com\/lv\/wp-json\/wp\/v2\/posts"}],"about":[{"href":"https:\/\/www.europesays.com\/lv\/wp-json\/wp\/v2\/types\/post"}],"author":[{"embeddable":true,"href":"https:\/\/www.europesays.com\/lv\/wp-json\/wp\/v2\/users\/2"}],"replies":[{"embeddable":true,"href":"https:\/\/www.europesays.com\/lv\/wp-json\/wp\/v2\/comments?post=114754"}],"version-history":[{"count":0,"href":"https:\/\/www.europesays.com\/lv\/wp-json\/wp\/v2\/posts\/114754\/revisions"}],"wp:featuredmedia":[{"embeddable":true,"href":"https:\/\/www.europesays.com\/lv\/wp-json\/wp\/v2\/media\/114755"}],"wp:attachment":[{"href":"https:\/\/www.europesays.com\/lv\/wp-json\/wp\/v2\/media?parent=114754"}],"wp:term":[{"taxonomy":"category","embeddable":true,"href":"https:\/\/www.europesays.com\/lv\/wp-json\/wp\/v2\/categories?post=114754"},{"taxonomy":"post_tag","embeddable":true,"href":"https:\/\/www.europesays.com\/lv\/wp-json\/wp\/v2\/tags?post=114754"}],"curies":[{"name":"wp","href":"https:\/\/api.w.org\/{rel}","templated":true}]}}