{"id":114776,"date":"2026-01-27T08:19:07","date_gmt":"2026-01-27T08:19:07","guid":{"rendered":"https:\/\/www.europesays.com\/lv\/114776\/"},"modified":"2026-01-27T08:19:07","modified_gmt":"2026-01-27T08:19:07","slug":"policija-un-isu-sakusi-izmeklesanu-par-vardarbibu-latvijas-dailslidosanas-kluba","status":"publish","type":"post","link":"https:\/\/www.europesays.com\/lv\/114776\/","title":{"rendered":"Policija un ISU s\u0101kusi izmekl\u0113\u0161anu par vardarb\u012bbu Latvijas dai\u013cslido\u0161anas klub\u0101"},"content":{"rendered":"<p>Aps\u016bdz\u012bbas izvirz\u012bjusi Latvijas \u010dempione <a href=\"https:\/\/sports.tvnet.lv\/term\/858308\/sofja-stepcenko\" class=\"topicLink\" target=\"_blank\" rel=\"nofollow noopener\">Sofja Step\u010denko<\/a>, kura jau 2024. gada pavasar\u012b inform\u0113ja Latvijas Slido\u0161anas asoci\u0101cijas (LSA) amatpersonas par vardarb\u012bbu.<\/p>\n<p>Gadiem treni\u0146u proces\u0101 vi\u0146a izjutusi vardarb\u012bbu, tren\u0113joties tie\u0161i pie Reinsalu un Kova\u013ckovas.<\/p>\n<p>Izmekl\u0113\u0161anu s\u0101kusi ar\u012b Starptautisk\u0101 Slido\u0161anas savien\u012bba (ISU). Kova\u013ckova un Reinsalu savu vainu aps\u016bdz\u012bb\u0101s kategoriski noliedz.<\/p>\n<p>Pag\u0101ju\u0161\u0101 gada j\u016blij\u0101 Step\u010denko &#8220;Anything GOEs&#8221; atkl\u0101ja, ka nav mier\u0101 ar varas iest\u0101\u017eu bezdarb\u012bbu un ir satraukta par intere\u0161u konfliktiem LSA, jo Kova\u013ckova ir asoci\u0101cijas valdes locekle.<\/p>\n<p>Intervij\u0101 dai\u013cslido\u0161anas medijam Step\u010denko atkl\u0101ja, ka vi\u0146ai diagnostic\u0113ts komplekss posttraumatisk\u0101 stresa sindroms (C-PTSD), ko \u0101rsti saista ar pieredz\u0113to treni\u0146u laik\u0101.<\/p>\n<p>Sportiste apgalvo, ka treneri esot izdar\u012bju\u0161i psiholo\u0123isku spiedienu, piespiedu\u0161i tren\u0113ties ar traum\u0101m, izmantoju\u0161i manipul\u0101cijas un draudus un izplat\u012bju\u0161i nepatiesu inform\u0101ciju par vi\u0146u.<\/p>\n<p>Neraugoties uz notieko\u0161o izmekl\u0113\u0161anu, Reinsalu 2026. gada janv\u0101r\u012b pild\u012bja Latvijas izlases komandas vad\u012bt\u0101ja pien\u0101kumus Eiropas \u010dempion\u0101t\u0101 \u0160ef\u012bld\u0101. ISU skaidroja, ka akredit\u0101cija iesp\u0113jama, ja persona nav ofici\u0101li diskvalific\u0113ta vai atst\u0101din\u0101ta.<\/p>\n","protected":false},"excerpt":{"rendered":"Aps\u016bdz\u012bbas izvirz\u012bjusi Latvijas \u010dempione Sofja Step\u010denko, kura jau 2024. gada pavasar\u012b inform\u0113ja Latvijas Slido\u0161anas asoci\u0101cijas (LSA) amatpersonas par&hellip;\n","protected":false},"author":2,"featured_media":114777,"comment_status":"","ping_status":"","sticky":false,"template":"","format":"standard","meta":{"footnotes":""},"categories":[17],"tags":[1295,11246,35,39,38,36,37,34,40,26696,26695,26697,67],"class_list":{"0":"post-114776","1":"post","2":"type-post","3":"status-publish","4":"format-standard","5":"has-post-thumbnail","7":"category-sports","8":"tag-dailslidosana","9":"tag-fedirs-kuliss","10":"tag-latvia","11":"tag-latvian","12":"tag-latviesu","13":"tag-latviesu-valoda","14":"tag-latviesuvaloda","15":"tag-latvija","16":"tag-lv","17":"tag-olga-kovalkova","18":"tag-raimo-reinsalu","19":"tag-sofja-stepcenko","20":"tag-sports"},"share_on_mastodon":{"url":"https:\/\/pubeurope.com\/@lv\/115966087208788106","error":""},"_links":{"self":[{"href":"https:\/\/www.europesays.com\/lv\/wp-json\/wp\/v2\/posts\/114776","targetHints":{"allow":["GET"]}}],"collection":[{"href":"https:\/\/www.europesays.com\/lv\/wp-json\/wp\/v2\/posts"}],"about":[{"href":"https:\/\/www.europesays.com\/lv\/wp-json\/wp\/v2\/types\/post"}],"author":[{"embeddable":true,"href":"https:\/\/www.europesays.com\/lv\/wp-json\/wp\/v2\/users\/2"}],"replies":[{"embeddable":true,"href":"https:\/\/www.europesays.com\/lv\/wp-json\/wp\/v2\/comments?post=114776"}],"version-history":[{"count":0,"href":"https:\/\/www.europesays.com\/lv\/wp-json\/wp\/v2\/posts\/114776\/revisions"}],"wp:featuredmedia":[{"embeddable":true,"href":"https:\/\/www.europesays.com\/lv\/wp-json\/wp\/v2\/media\/114777"}],"wp:attachment":[{"href":"https:\/\/www.europesays.com\/lv\/wp-json\/wp\/v2\/media?parent=114776"}],"wp:term":[{"taxonomy":"category","embeddable":true,"href":"https:\/\/www.europesays.com\/lv\/wp-json\/wp\/v2\/categories?post=114776"},{"taxonomy":"post_tag","embeddable":true,"href":"https:\/\/www.europesays.com\/lv\/wp-json\/wp\/v2\/tags?post=114776"}],"curies":[{"name":"wp","href":"https:\/\/api.w.org\/{rel}","templated":true}]}}