{"id":114780,"date":"2026-01-27T08:21:07","date_gmt":"2026-01-27T08:21:07","guid":{"rendered":"https:\/\/www.europesays.com\/lv\/114780\/"},"modified":"2026-01-27T08:21:07","modified_gmt":"2026-01-27T08:21:07","slug":"es-un-indija-panak-vesturisku-vienosanos-par-brivas-tirdzniecibas-ligumu","status":"publish","type":"post","link":"https:\/\/www.europesays.com\/lv\/114780\/","title":{"rendered":"ES un Indija pan\u0101k v\u0113sturisku vieno\u0161anos par br\u012bv\u0101s tirdzniec\u012bbas l\u012bgumu"},"content":{"rendered":"<blockquote class=\"quote ck-widget\" contenteditable=\"false\">\n<p>Vienlaikus t\u0101di lauksaimniec\u012bbas produkti k\u0101 liellopu ga\u013ca, vistas ga\u013ca, r\u012bsi un cukurs \u0161aj\u0101 nol\u012bgum\u0101 nav ietverti, un visiem import\u0113tajiem produktiem no Indijas joproj\u0101m tiks piem\u0113roti ES standarti, skaidro EK.<\/p>\n<\/blockquote>\n<p>Leiena sagaida, ka ES eksports uz Indiju dubultosies, un bloks &#8220;ieg\u016bs visaugst\u0101k\u0101 l\u012bme\u0146a piek\u013cuvi, k\u0101da jebkad pie\u0161\u0137irta tirdzniec\u012bbas partnerim tradicion\u0101li aizsarg\u0101taj\u0101 Indijas tirg\u016b&#8221;.<\/p>\n<p>Eiropas uz\u0146\u0113mumi ieg\u016bs privile\u0123\u0113tu piek\u013cuvi Indijas finan\u0161u pakalpojumu un j\u016bras transporta tirgum, skaidro EK.<\/p>\n<p>Savuk\u0101rt Indijas gad\u012bjum\u0101 \u0161is br\u012bv\u0101s tirdzniec\u012bbas l\u012bgums atbalst\u012bs t\u0101das nozares k\u0101 tekstilpre\u010du, d\u0101rgakme\u0146u un juvelierizstr\u0101d\u0101jumu, k\u0101 ar\u012b \u0101das izstr\u0101d\u0101jumu ra\u017eo\u0161anu, k\u0101 ar\u012b pakalpojumu sektoru, sac\u012bja Modi.<\/p>\n<blockquote class=\"quote ck-widget\" contenteditable=\"false\">\n<p>Lai \u0161is br\u012bv\u0101s tirdzniec\u012bbas l\u012bgums st\u0101tos sp\u0113k\u0101, tas b\u016bs ofici\u0101li j\u0101apstiprina ES dal\u012bbvalst\u012bm, k\u0101 ar\u012b Eiropas Parlamentam.<\/p>\n<\/blockquote>\n<p>S\u0101kotn\u0113ji sarunas par ES un Indijas br\u012bv\u0101s tirdzniec\u012bbas l\u012bgumu tika s\u0101ktas 2007. gad\u0101, bet 2013. gad\u0101 t\u0101s tika aptur\u0113tas, \u0146emot v\u0113r\u0101 nesaska\u0146as vair\u0101kos jaut\u0101jumos.<\/p>\n<p>Sarunas abu pu\u0161u starp\u0101 par br\u012bv\u0101s tirdzniec\u012bbas l\u012bgumu tika atjaunotas pirms tr\u012bs gadiem.<\/p>\n<p>Donalda Trampa sare\u017e\u0123\u012bt\u0101 tarifu politika, sasp\u012bl\u0113t\u0101s attiec\u012bbas ar \u0136\u012bnu un Krievijai noteikt\u0101s ekonomisk\u0101s sankcijas mudin\u0101ju\u0161as ES pastiprin\u0101t tirdzniec\u012bbas attiec\u012bbas ar cit\u0101m tautsaimniec\u012bb\u0101m.<\/p>\n","protected":false},"excerpt":{"rendered":"Vienlaikus t\u0101di lauksaimniec\u012bbas produkti k\u0101 liellopu ga\u013ca, vistas ga\u013ca, r\u012bsi un cukurs \u0161aj\u0101 nol\u012bgum\u0101 nav ietverti, un visiem&hellip;\n","protected":false},"author":2,"featured_media":114781,"comment_status":"","ping_status":"","sticky":false,"template":"","format":"standard","meta":{"footnotes":""},"categories":[14],"tags":[23,57,28,29,514,47,32,33,22,4098,30,31,35,39,38,36,37,34,40,20,26,27,733,24,25,54,55,56,21,58],"class_list":{"0":"post-114780","1":"post","2":"type-post","3":"status-publish","4":"format-standard","5":"has-post-thumbnail","7":"category-zinas-no-arvalstim","8":"tag-aktualitates","9":"tag-arvalstim","10":"tag-breaking-news","11":"tag-breakingnews","12":"tag-eiropas-savieniba","13":"tag-ekonomika","14":"tag-featured-news","15":"tag-featurednews","16":"tag-headlines","17":"tag-indija","18":"tag-latest-news","19":"tag-latestnews","20":"tag-latvia","21":"tag-latvian","22":"tag-latviesu","23":"tag-latviesu-valoda","24":"tag-latviesuvaloda","25":"tag-latvija","26":"tag-lv","27":"tag-news","28":"tag-popularakas-zinas","29":"tag-popularakaszinas","30":"tag-tirdznieciba","31":"tag-top-stories","32":"tag-topstories","33":"tag-world","34":"tag-world-news","35":"tag-worldnews","36":"tag-zinas","37":"tag-zinas-no-arvalstim"},"share_on_mastodon":{"url":"https:\/\/pubeurope.com\/@lv\/115966095007800285","error":""},"_links":{"self":[{"href":"https:\/\/www.europesays.com\/lv\/wp-json\/wp\/v2\/posts\/114780","targetHints":{"allow":["GET"]}}],"collection":[{"href":"https:\/\/www.europesays.com\/lv\/wp-json\/wp\/v2\/posts"}],"about":[{"href":"https:\/\/www.europesays.com\/lv\/wp-json\/wp\/v2\/types\/post"}],"author":[{"embeddable":true,"href":"https:\/\/www.europesays.com\/lv\/wp-json\/wp\/v2\/users\/2"}],"replies":[{"embeddable":true,"href":"https:\/\/www.europesays.com\/lv\/wp-json\/wp\/v2\/comments?post=114780"}],"version-history":[{"count":0,"href":"https:\/\/www.europesays.com\/lv\/wp-json\/wp\/v2\/posts\/114780\/revisions"}],"wp:featuredmedia":[{"embeddable":true,"href":"https:\/\/www.europesays.com\/lv\/wp-json\/wp\/v2\/media\/114781"}],"wp:attachment":[{"href":"https:\/\/www.europesays.com\/lv\/wp-json\/wp\/v2\/media?parent=114780"}],"wp:term":[{"taxonomy":"category","embeddable":true,"href":"https:\/\/www.europesays.com\/lv\/wp-json\/wp\/v2\/categories?post=114780"},{"taxonomy":"post_tag","embeddable":true,"href":"https:\/\/www.europesays.com\/lv\/wp-json\/wp\/v2\/tags?post=114780"}],"curies":[{"name":"wp","href":"https:\/\/api.w.org\/{rel}","templated":true}]}}