{"id":114795,"date":"2026-01-27T08:35:07","date_gmt":"2026-01-27T08:35:07","guid":{"rendered":"https:\/\/www.europesays.com\/lv\/114795\/"},"modified":"2026-01-27T08:35:07","modified_gmt":"2026-01-27T08:35:07","slug":"dagda-fiksets-dzilakais-sniegs-valsti-kops-2024-gada-februara","status":"publish","type":"post","link":"https:\/\/www.europesays.com\/lv\/114795\/","title":{"rendered":"Dagd\u0101 fiks\u0113ts dzi\u013c\u0101kais sniegs valst\u012b kop\u0161 2024. gada febru\u0101ra"},"content":{"rendered":"<p>T\u0101 ir l\u012bdz \u0161im biez\u0101k\u0101 sniega sega, kas \u0161aj\u0101 ziem\u0101 konstat\u0113ta LV\u0122MC nov\u0113rojumu t\u012bkl\u0101. Tas ir ar\u012b dzi\u013c\u0101kais sniegs valst\u012b kop\u0161 2024. gada febru\u0101ra, kad Dagdas nov\u0113rojumu stacij\u0101 bija 37 centimetri sniega.<\/p>\n<p>Daugavpil\u012b sniega k\u0101rta k\u013cuvusi par pieciem centimetriem biez\u0101ka, sasniedzot 24 centimetrus, savuk\u0101rt Kr\u0101slavas novada Piedruj\u0101 sniega dzi\u013cums palielin\u0101jies no 23 l\u012bdz 27 centimetriem. Citviet Latvij\u0101 snidzis maz\u0101k vai nav snidzis.<\/p>\n<p>Otrdienas r\u012bt\u0101 viet\u0101m &#8211; galvenok\u0101rt valsts dienvidu da\u013c\u0101 &#8211; turpina snigt. Debesis p\u0101rsvar\u0101 m\u0101ko\u0146ainas. P\u016b\u0161 l\u0113ns l\u012bdz m\u0113rens austrumu, zieme\u013caustrumu v\u0113j\u0161, Kolk\u0101 ar br\u0101zm\u0101m l\u012bdz 13 metriem sekund\u0113. Gaisa kvalit\u0101te laba l\u012bdz viduv\u0113ja.<\/p>\n<p>Gaisa temperat\u016bra plkst. 5 atbilsto\u0161i LV\u0122MC datiem bija no -4,3 gr\u0101diem Kolk\u0101 un Liep\u0101jas ost\u0101 l\u012bdz -12,4 gr\u0101diem Aina\u017eos un -13,3 gr\u0101diem Al\u016bksn\u0113.<\/p>\n<p>R\u012bg\u0101 m\u0101ko\u0146ains r\u012bts, p\u016b\u0161 zieme\u013caustrumu v\u0113j\u0161 ar \u0101trumu 3-5 metri sekund\u0113, gaisa temperat\u016bra -8..-9 gr\u0101di. Nov\u0113rojumu stacij\u0101 pils\u0113tas centr\u0101 ir 13 centimetri sniega.<\/p>\n<p>Maksim\u0101l\u0101 gaisa temperat\u016bra pirmdien LV\u0122MC nov\u0113rojumu t\u012bkl\u0101 bija no -3,1 gr\u0101da Kolk\u0101 l\u012bdz -10,5 gr\u0101diem Al\u016bksn\u0113.<\/p>\n<p>Augst\u0101k\u0101 gaisa temperat\u016bra Eirop\u0101 26. janv\u0101r\u012b bija +23 gr\u0101di Sp\u0101nijas dienvidaustrumos. Zem\u0101k\u0101 gaisa temperat\u016bra nakt\u012b uz otrdienu -34 gr\u0101di kalnu ielej\u0101s Norv\u0113\u0123ij\u0101.<\/p>\n","protected":false},"excerpt":{"rendered":"T\u0101 ir l\u012bdz \u0161im biez\u0101k\u0101 sniega sega, kas \u0161aj\u0101 ziem\u0101 konstat\u0113ta LV\u0122MC nov\u0113rojumu t\u012bkl\u0101. Tas ir ar\u012b dzi\u013c\u0101kais&hellip;\n","protected":false},"author":2,"featured_media":114796,"comment_status":"","ping_status":"","sticky":false,"template":"","format":"standard","meta":{"footnotes":""},"categories":[5],"tags":[23,28,29,32,33,22,1811,396,397,30,31,35,39,38,36,37,34,40,20,26,27,24,25,21],"class_list":{"0":"post-114795","1":"post","2":"type-post","3":"status-publish","4":"format-standard","5":"has-post-thumbnail","7":"category-aktualitates","8":"tag-aktualitates","9":"tag-breaking-news","10":"tag-breakingnews","11":"tag-featured-news","12":"tag-featurednews","13":"tag-headlines","14":"tag-laika-zina","15":"tag-laika-zinas","16":"tag-laikapstakli","17":"tag-latest-news","18":"tag-latestnews","19":"tag-latvia","20":"tag-latvian","21":"tag-latviesu","22":"tag-latviesu-valoda","23":"tag-latviesuvaloda","24":"tag-latvija","25":"tag-lv","26":"tag-news","27":"tag-popularakas-zinas","28":"tag-popularakaszinas","29":"tag-top-stories","30":"tag-topstories","31":"tag-zinas"},"share_on_mastodon":{"url":"https:\/\/pubeurope.com\/@lv\/115966150150755373","error":""},"_links":{"self":[{"href":"https:\/\/www.europesays.com\/lv\/wp-json\/wp\/v2\/posts\/114795","targetHints":{"allow":["GET"]}}],"collection":[{"href":"https:\/\/www.europesays.com\/lv\/wp-json\/wp\/v2\/posts"}],"about":[{"href":"https:\/\/www.europesays.com\/lv\/wp-json\/wp\/v2\/types\/post"}],"author":[{"embeddable":true,"href":"https:\/\/www.europesays.com\/lv\/wp-json\/wp\/v2\/users\/2"}],"replies":[{"embeddable":true,"href":"https:\/\/www.europesays.com\/lv\/wp-json\/wp\/v2\/comments?post=114795"}],"version-history":[{"count":0,"href":"https:\/\/www.europesays.com\/lv\/wp-json\/wp\/v2\/posts\/114795\/revisions"}],"wp:featuredmedia":[{"embeddable":true,"href":"https:\/\/www.europesays.com\/lv\/wp-json\/wp\/v2\/media\/114796"}],"wp:attachment":[{"href":"https:\/\/www.europesays.com\/lv\/wp-json\/wp\/v2\/media?parent=114795"}],"wp:term":[{"taxonomy":"category","embeddable":true,"href":"https:\/\/www.europesays.com\/lv\/wp-json\/wp\/v2\/categories?post=114795"},{"taxonomy":"post_tag","embeddable":true,"href":"https:\/\/www.europesays.com\/lv\/wp-json\/wp\/v2\/tags?post=114795"}],"curies":[{"name":"wp","href":"https:\/\/api.w.org\/{rel}","templated":true}]}}