{"id":114800,"date":"2026-01-27T08:38:21","date_gmt":"2026-01-27T08:38:21","guid":{"rendered":"https:\/\/www.europesays.com\/lv\/114800\/"},"modified":"2026-01-27T08:38:21","modified_gmt":"2026-01-27T08:38:21","slug":"gaidami-jauni-macbook-pro-ar-m5-lente-lv","status":"publish","type":"post","link":"https:\/\/www.europesays.com\/lv\/114800\/","title":{"rendered":"gaid\u0101mi jauni MacBook Pro ar M5\u00a0\u2014\u00a0Lente.lv"},"content":{"rendered":"<p>Aicin\u0101jumi uz &#8220;Apple Experience&#8221;<\/p>\n<p>Tehnolo\u0123iju gigants Apple ir izs\u016bt\u012bjis iel\u016bgumus izmekl\u0113tiem autoriem uz pas\u0101kumu ar nosaukumu &#8220;Apple Experience&#8221;, kas notiks Losand\u017eelos\u0101 no 27. l\u012bdz 29. janv\u0101rim. Pas\u0101kuma datumi izrais\u012bju\u0161i pla\u0161as diskusijas, jo tie sakr\u012bt ar vair\u0101kiem svar\u012bgiem uz\u0146\u0113muma pazi\u0146ojumiem.<\/p>\n<p>Viens no pirmajiem, kas publiskoja iel\u016bgumu, bija rado\u0161ais autors P\u0113teris Mara, kur\u0161 7. janv\u0101r\u012b public\u0113ja t\u0101 foto Instagram. Tom\u0113r pla\u0161\u0101ku uzman\u012bbu \u0161\u012b publik\u0101cija guva tikai nesen. Interesanti, ka Mara jau septembr\u012b bija sa\u0146\u0113mis iel\u016bgumu no Apple, lai test\u0113tu jaunus iPhone 17 Pro. Tas pastiprina ba\u017eas, ka ar\u012b \u0161is pas\u0101kums var\u0113tu b\u016bt saist\u012bts ar noz\u012bm\u012bgiem aparat\u016bras jaunumiem.<\/p>\n<p>Jauni produkti profesion\u0101\u013ciem<\/p>\n<p>Pag\u0101ju\u0161aj\u0101 ned\u0113\u013c\u0101 Apple pazi\u0146oja par jauno &#8220;Creator Studio&#8221; pakotni, kas ietver profesion\u0101las rado\u0161\u0101s lietojumprogrammas. \u0160\u012b komplekta ofici\u0101l\u0101 izlai\u0161ana paredz\u0113ta 28. janv\u0101r\u012b, tie\u0161i pas\u0101kuma laik\u0101 Losand\u017eelos\u0101. &#8220;Creator Studio&#8221; pied\u0101v\u0101 b\u016btiskus r\u012bkus profesion\u0101\u013ciem, tostarp Final Cut Pro, Logic Pro un Pixelmator Pro. Tie\u0161i \u0161\u012b orient\u0101cija uz profesion\u0101lo segmentu vairo cer\u012bbas, ka Apple var\u0113tu izmantot \u0161o iesp\u0113ju, lai prezent\u0113tu jaunus MacBook Pro mode\u013cus digit\u0101l\u0101 satura rad\u012bt\u0101jiem.<\/p>\n<p>Savienojums ar finan\u0161u p\u0101rskatiem<\/p>\n<p>Past\u0101v ar\u012b v\u0113l viens svar\u012bgs sakritums. Apple k\u0101rt\u0113jais ceturk\u0161\u0146a finan\u0161u p\u0101rskats pl\u0101nots 29. janv\u0101r\u012b. Uz\u0146\u0113mums ne reizi vien ir prezent\u0113jis jaunus produktus tie\u0161i pirms \u0161\u0101diem zvanu sesij\u0101m ar investoriem, kas dod papildu argumentu par atjaunin\u0101tu kl\u0113pjdatoru tuv\u0101ko pazi\u0146ojumu.<\/p>\n<p>Oktobr\u012b Apple jau atjaunin\u0101ja pamata 14 collu MacBook Pro versiju, apr\u012bkojot to ar M5 mikrosh\u0113mu. Papildus procesoram galven\u0101 izmai\u0146a bija kr\u0101tuve ar PCIe 5.0 atbalstu, kas, p\u0113c Apple datiem, nodro\u0161ina l\u012bdz pat divreiz \u0101tr\u0101ku SSD las\u012b\u0161anas un rakst\u012b\u0161anas \u0101trumu sal\u012bdzin\u0101jum\u0101 ar iepriek\u0161\u0113jo paaudzi. P\u0113c \u0161iem jaunumiem lo\u0123isks solis ir ar\u012b vec\u0101ko konfigur\u0101ciju, proti, mode\u013cu ar Pro un Max pievienojumiem, atjaunin\u0101\u0161ana.<\/p>\n<p>Avots: macrumors<\/p>\n","protected":false},"excerpt":{"rendered":"Aicin\u0101jumi uz &#8220;Apple Experience&#8221; Tehnolo\u0123iju gigants Apple ir izs\u016bt\u012bjis iel\u016bgumus izmekl\u0113tiem autoriem uz pas\u0101kumu ar nosaukumu &#8220;Apple Experience&#8221;,&hellip;\n","protected":false},"author":2,"featured_media":114801,"comment_status":"","ping_status":"","sticky":false,"template":"","format":"standard","meta":{"footnotes":""},"categories":[16],"tags":[2122,77,76,35,39,38,36,37,34,40,26699,6572,18857,3738],"class_list":{"0":"post-114800","1":"post","2":"type-post","3":"status-publish","4":"format-standard","5":"has-post-thumbnail","7":"category-bizness","8":"tag-apple","9":"tag-bizness","10":"tag-business","11":"tag-latvia","12":"tag-latvian","13":"tag-latviesu","14":"tag-latviesu-valoda","15":"tag-latviesuvaloda","16":"tag-latvija","17":"tag-lv","18":"tag-m5","19":"tag-macbook-pro","20":"tag-pasakums","21":"tag-tehnologijas"},"share_on_mastodon":{"url":"https:\/\/pubeurope.com\/@lv\/115966161857082022","error":""},"_links":{"self":[{"href":"https:\/\/www.europesays.com\/lv\/wp-json\/wp\/v2\/posts\/114800","targetHints":{"allow":["GET"]}}],"collection":[{"href":"https:\/\/www.europesays.com\/lv\/wp-json\/wp\/v2\/posts"}],"about":[{"href":"https:\/\/www.europesays.com\/lv\/wp-json\/wp\/v2\/types\/post"}],"author":[{"embeddable":true,"href":"https:\/\/www.europesays.com\/lv\/wp-json\/wp\/v2\/users\/2"}],"replies":[{"embeddable":true,"href":"https:\/\/www.europesays.com\/lv\/wp-json\/wp\/v2\/comments?post=114800"}],"version-history":[{"count":0,"href":"https:\/\/www.europesays.com\/lv\/wp-json\/wp\/v2\/posts\/114800\/revisions"}],"wp:featuredmedia":[{"embeddable":true,"href":"https:\/\/www.europesays.com\/lv\/wp-json\/wp\/v2\/media\/114801"}],"wp:attachment":[{"href":"https:\/\/www.europesays.com\/lv\/wp-json\/wp\/v2\/media?parent=114800"}],"wp:term":[{"taxonomy":"category","embeddable":true,"href":"https:\/\/www.europesays.com\/lv\/wp-json\/wp\/v2\/categories?post=114800"},{"taxonomy":"post_tag","embeddable":true,"href":"https:\/\/www.europesays.com\/lv\/wp-json\/wp\/v2\/tags?post=114800"}],"curies":[{"name":"wp","href":"https:\/\/api.w.org\/{rel}","templated":true}]}}