{"id":114802,"date":"2026-01-27T08:40:03","date_gmt":"2026-01-27T08:40:03","guid":{"rendered":"https:\/\/www.europesays.com\/lv\/114802\/"},"modified":"2026-01-27T08:40:03","modified_gmt":"2026-01-27T08:40:03","slug":"ludz-ministrijai-izvertet-granulu-cenu-pamatotibu-un-bridina-par-krapniekiem-apollo-lv","status":"publish","type":"post","link":"https:\/\/www.europesays.com\/lv\/114802\/","title":{"rendered":"L\u016bdz ministrijai izv\u0113rt\u0113t granulu cenu pamatot\u012bbu un br\u012bdina par kr\u0101pniekiem &#8211; Apollo.lv"},"content":{"rendered":"<ol>\n<li><a href=\"https:\/\/news.google.com\/rss\/articles\/CBMiqgFBVV95cUxOdkRHWU9zcXdZYVFrWGM2SEk0eWNINzlnbW5KTW5BekFYX3VKNlRxVTFjSWdZb0cxdk5PclJ2VjlORHdhdFZaQW1PelZUeVVqZFZFU01DYlFmeGpDU096RjdvQmFydHlmRVBjcFhzSkE0TmMyX1Mxb0dDb05sTjl2amp6RXRBV21pZExOOXNUak8yamVSMklzWHRjVVVxTWRKZ2dib0toTDBYdw?oc=5\" target=\"_blank\" rel=\"nofollow noopener\">L\u016bdz ministrijai izv\u0113rt\u0113t granulu cenu pamatot\u012bbu un br\u012bdina par kr\u0101pniekiem<\/a>&nbsp;&nbsp;Apollo.lv<\/li>\n<li><a href=\"https:\/\/news.google.com\/rss\/articles\/CBMipwFBVV95cUxNNklMcU0zNHFZdGZEaEVaWHcyTDczRzhyNG9UMTZ0Xy0xZVo0NVNLSm92NDdRY0Q3djhjMHNmLWpSRTBuR1BmcG9jMXp1N3JwMnBMcVR2R0ZISEdha3BYd1YwdWxjcWxvcWxiZTBhczRhRk01MWphbWptVlAyM2lONEd6dHRmNzRRQWpZbmJxM1poYklZQlhVa3RlaUI5dlVRejQyOXJOWQ?oc=5\" target=\"_blank\" rel=\"nofollow noopener\">Siltumapg\u0101des uz\u0146\u0113mumus aicin\u0101s janv\u0101ra r\u0113\u0137iniem piem\u0113rot atlikto maks\u0101jumu<\/a>&nbsp;&nbsp;TVNET<\/li>\n<li><a href=\"https:\/\/news.google.com\/rss\/articles\/CBMihgFBVV95cUxONDhKaDA4UHNJYjlYdjFRRGpLQjliWVZQUHVPblo1Ty1ScWI0Qjh0bk16bWg2NVpZTHp4bk03RG0xeWpSeDRxQ2xGdlJVRkVOUms2ZlB3cjhOS2JWdzBUOVo2VjlkUlh0azRNLXVMU0E2MWplNGFHR29ocERsVVdRWHFkM0xhUQ?oc=5\" target=\"_blank\" rel=\"nofollow noopener\">R\u0113\u0137ini t\u0101 k\u0101 miljon\u0101riem, bet dz\u012bvok\u013cos auksti<\/a>&nbsp;&nbsp;bdaugava.lv<\/li>\n<li><a href=\"https:\/\/news.google.com\/rss\/articles\/CBMiswFBVV95cUxPQi1tN1NFaWtpTzdOb01PRXdSdTdIVndoTWVhU0ptOFBCdDAycFhFTnBZX3J2bU1IMkNRYjVLUS1xcjJNNXM1akNoSnFxOVBrc0NCanpYdVYzam1sQzdvZ1o4NnF2cTRFeDYzdkVVZ2IwS0x4ZE5qSUdkZWNSeWd1RTVPWEZBMTVFdmhfS0phWHZiR21zdE5Ga0NNSnBFX3JaNWRKT1RGdU40NG9rWm1yVmp3cw?oc=5\" target=\"_blank\" rel=\"nofollow noopener\">\u201c\u0100r\u0101 bargi m\u012bnusi, k\u0101ds tev elektr\u012bbas r\u0113\u0137ins?\u201d Latvie\u0161i \u2013 siltums\u016bk\u0146u \u012bpa\u0161nieki par\u0101da savus r\u0113\u0137inus<\/a>&nbsp;&nbsp;LA.LV<\/li>\n<li><a href=\"https:\/\/news.google.com\/rss\/articles\/CBMi8gFBVV95cUxNVG5hOWFZQ3hBSlJCU1BsRk8wUnk3T0hwZVdBb3BOM0wyVFhjRVpHNW54bVFCQjNPSTUyTnJoRDFMWGtMVXRXc3lQS0MxeU8zR2EwV1NIdHBDVzc1U3hGWUtHMVlwbjdwUWxHV0ItU3lId3oxVGl1ZkZiRGpZNmF4aDVCSEh0bzVERWc3OUdTYTFSVmpvTW1KOGRYa2doNXNzMDFueEhSY2F6Q3VSeWNzeDhmUlVCYnc5T1ZUclVERmhGcmxkbmJFdlJld0NMYnlIQTZjY05fal9WNDJMcW41aG5INU1qbnRISGU0SUxHNDJRdw?oc=5\" target=\"_blank\" rel=\"nofollow noopener\">Pieaugot siltumener\u0123ijas pat\u0113ri\u0146am, pl\u0101nots sasaukt Valsts ener\u0123\u0113tisk\u0101s kr\u012bzes centra \u0101rk\u0101rtas s\u0113di<\/a>&nbsp;&nbsp;LSM<\/li>\n<\/ol>\n","protected":false},"excerpt":{"rendered":"L\u016bdz ministrijai izv\u0113rt\u0113t granulu cenu pamatot\u012bbu un br\u012bdina par kr\u0101pniekiem&nbsp;&nbsp;Apollo.lv Siltumapg\u0101des uz\u0146\u0113mumus aicin\u0101s janv\u0101ra r\u0113\u0137iniem piem\u0113rot atlikto maks\u0101jumu&nbsp;&nbsp;TVNET&hellip;\n","protected":false},"author":2,"featured_media":114803,"comment_status":"","ping_status":"","sticky":false,"template":"","format":"standard","meta":{"footnotes":""},"categories":[12],"tags":[23,1677,28,29,32,33,22,30,31,35,39,38,36,37,34,40,20,26,27,24,25,21],"class_list":{"0":"post-114802","1":"post","2":"type-post","3":"status-publish","4":"format-standard","5":"has-post-thumbnail","7":"category-latvija","8":"tag-aktualitates","9":"tag-apkure","10":"tag-breaking-news","11":"tag-breakingnews","12":"tag-featured-news","13":"tag-featurednews","14":"tag-headlines","15":"tag-latest-news","16":"tag-latestnews","17":"tag-latvia","18":"tag-latvian","19":"tag-latviesu","20":"tag-latviesu-valoda","21":"tag-latviesuvaloda","22":"tag-latvija","23":"tag-lv","24":"tag-news","25":"tag-popularakas-zinas","26":"tag-popularakaszinas","27":"tag-top-stories","28":"tag-topstories","29":"tag-zinas"},"share_on_mastodon":{"url":"https:\/\/pubeurope.com\/@lv\/115966169858491144","error":""},"_links":{"self":[{"href":"https:\/\/www.europesays.com\/lv\/wp-json\/wp\/v2\/posts\/114802","targetHints":{"allow":["GET"]}}],"collection":[{"href":"https:\/\/www.europesays.com\/lv\/wp-json\/wp\/v2\/posts"}],"about":[{"href":"https:\/\/www.europesays.com\/lv\/wp-json\/wp\/v2\/types\/post"}],"author":[{"embeddable":true,"href":"https:\/\/www.europesays.com\/lv\/wp-json\/wp\/v2\/users\/2"}],"replies":[{"embeddable":true,"href":"https:\/\/www.europesays.com\/lv\/wp-json\/wp\/v2\/comments?post=114802"}],"version-history":[{"count":0,"href":"https:\/\/www.europesays.com\/lv\/wp-json\/wp\/v2\/posts\/114802\/revisions"}],"wp:featuredmedia":[{"embeddable":true,"href":"https:\/\/www.europesays.com\/lv\/wp-json\/wp\/v2\/media\/114803"}],"wp:attachment":[{"href":"https:\/\/www.europesays.com\/lv\/wp-json\/wp\/v2\/media?parent=114802"}],"wp:term":[{"taxonomy":"category","embeddable":true,"href":"https:\/\/www.europesays.com\/lv\/wp-json\/wp\/v2\/categories?post=114802"},{"taxonomy":"post_tag","embeddable":true,"href":"https:\/\/www.europesays.com\/lv\/wp-json\/wp\/v2\/tags?post=114802"}],"curies":[{"name":"wp","href":"https:\/\/api.w.org\/{rel}","templated":true}]}}