{"id":114804,"date":"2026-01-27T08:41:06","date_gmt":"2026-01-27T08:41:06","guid":{"rendered":"https:\/\/www.europesays.com\/lv\/114804\/"},"modified":"2026-01-27T08:41:06","modified_gmt":"2026-01-27T08:41:06","slug":"latvija-viens-no-nesen-aizturetajiem-spiegiem-stradajis-par-elektriki","status":"publish","type":"post","link":"https:\/\/www.europesays.com\/lv\/114804\/","title":{"rendered":"Latvij\u0101 viens no nesen aiztur\u0113tajiem spiegiem str\u0101d\u0101jis par elektri\u0137i"},"content":{"rendered":"<p>Prokurat\u016br\u0101 a\u0123ent\u016brai LETA teica, ka patlaban liet\u0101 aps\u016bdz\u012bba ir celta un izsniegta aps\u016bdz\u0113tajam.<\/p>\n<p>Prokurat\u016br\u0101 apliecin\u0101ja, ka aps\u016bdz\u0113tais str\u0101d\u0101jis par elektri\u0137i un ir vecum\u0101 no 25 l\u012bdz 30 gadiem. V\u012brietis ir neprec\u0113jies.<\/p>\n<p>Prokurat\u016br\u0101 patlaban nesniedz pla\u0161\u0101ku inform\u0101ciju par aps\u016bdz\u012bbas deta\u013c\u0101m, jo t\u0101 ir klasific\u0113ta. Vienlaikus prokurat\u016br\u0101 apliecin\u0101ja, ka personu vad\u012bja ideolo\u0123iski mot\u012bvi.<\/p>\n<p>K\u0101 v\u0113st\u012bts, lietu prokurat\u016br\u0101 nos\u016bt\u012bju\u0161ais Valsts dro\u0161\u012bbas dienests (<a href=\"https:\/\/www.apollo.lv\/term\/615224\/vdd\" class=\"topicLink\" target=\"_blank\" rel=\"nofollow noopener\">VDD<\/a>) nesen preses pazi\u0146ojum\u0101 rakst\u012bja, ka krimin\u0101lprocesu pret \u0161o personu, pamatojoties uz Milit\u0101r\u0101s izl\u016bko\u0161anas un dro\u0161\u012bbas dienesta (MIDD) sniegto inform\u0101ciju, dienests s\u0101ka 2025. gada 14. oktobr\u012b.<\/p>\n<p>Izmekl\u0113\u0161an\u0101 noskaidrots, ka Latvijas pilsonis ir ieguvis un nodevis Krievijas milit\u0101rajam izl\u016bkdienestam (GRU) zi\u0146as par avi\u0101cijai izmantojamu priv\u0101tu infrastrukt\u016bru Latvijas teritorij\u0101, piem\u0113ram, lidlauku &#8220;Spilve&#8221;, NATO sabiedroto sp\u0113ku kl\u0101tb\u016btni valst\u012b un da\u017e\u0101d\u0101m aizsardz\u012bbas nozares aktualit\u0101t\u0113m. T\u0101pat persona GRU nodeva zi\u0146as par Latvijas sabiedr\u012bbas noska\u0146ojumu, sniegto atbalstu Ukrainai un kritisk\u0101s infrastrukt\u016bras objektiem Latvijas teritorij\u0101.<\/p>\n<p>Papildus v\u012brietis Krievijas specdienesta uzdevum\u0101 ieguva praktiska rakstura inform\u0101ciju, piem\u0113ram, par mobilo sakaru priek\u0161apmaksas kar\u0161u ieg\u0101des nosac\u012bjumiem Latvij\u0101, proti, vai t\u0101s iesp\u0113jams ieg\u0101d\u0101ties, neatkl\u0101jot savu identit\u0101ti.<\/p>\n<p>VDD izmekl\u0113\u0161an\u0101 noskaidroja, ka persona uztur\u0113ja konspirat\u012bvus sakarus ar Krievijas GRU virsnieku un nodeva tam ieg\u016bto inform\u0101ciju, tiekoties Krievijas teritorij\u0101.<\/p>\n<p>VDD sadarb\u012bb\u0101 ar MIDD aizdom\u0101s tur\u0113to personu aiztur\u0113ja 2025. gada 18. oktobra nakt\u012b. Personai k\u0101 dro\u0161\u012bbas l\u012bdzeklis ir piem\u0113rots apcietin\u0101jums.<\/p>\n","protected":false},"excerpt":{"rendered":"Prokurat\u016br\u0101 a\u0123ent\u016brai LETA teica, ka patlaban liet\u0101 aps\u016bdz\u012bba ir celta un izsniegta aps\u016bdz\u0113tajam. Prokurat\u016br\u0101 apliecin\u0101ja, ka aps\u016bdz\u0113tais str\u0101d\u0101jis&hellip;\n","protected":false},"author":2,"featured_media":114805,"comment_status":"","ping_status":"","sticky":false,"template":"","format":"standard","meta":{"footnotes":""},"categories":[5],"tags":[23,28,29,32,33,22,234,30,31,35,39,38,36,37,34,40,20,26,27,9811,24,25,4217,21],"class_list":{"0":"post-114804","1":"post","2":"type-post","3":"status-publish","4":"format-standard","5":"has-post-thumbnail","7":"category-aktualitates","8":"tag-aktualitates","9":"tag-breaking-news","10":"tag-breakingnews","11":"tag-featured-news","12":"tag-featurednews","13":"tag-headlines","14":"tag-krievija","15":"tag-latest-news","16":"tag-latestnews","17":"tag-latvia","18":"tag-latvian","19":"tag-latviesu","20":"tag-latviesu-valoda","21":"tag-latviesuvaloda","22":"tag-latvija","23":"tag-lv","24":"tag-news","25":"tag-popularakas-zinas","26":"tag-popularakaszinas","27":"tag-spiegs","28":"tag-top-stories","29":"tag-topstories","30":"tag-vdd","31":"tag-zinas"},"share_on_mastodon":{"url":"https:\/\/pubeurope.com\/@lv\/115966173649543506","error":""},"_links":{"self":[{"href":"https:\/\/www.europesays.com\/lv\/wp-json\/wp\/v2\/posts\/114804","targetHints":{"allow":["GET"]}}],"collection":[{"href":"https:\/\/www.europesays.com\/lv\/wp-json\/wp\/v2\/posts"}],"about":[{"href":"https:\/\/www.europesays.com\/lv\/wp-json\/wp\/v2\/types\/post"}],"author":[{"embeddable":true,"href":"https:\/\/www.europesays.com\/lv\/wp-json\/wp\/v2\/users\/2"}],"replies":[{"embeddable":true,"href":"https:\/\/www.europesays.com\/lv\/wp-json\/wp\/v2\/comments?post=114804"}],"version-history":[{"count":0,"href":"https:\/\/www.europesays.com\/lv\/wp-json\/wp\/v2\/posts\/114804\/revisions"}],"wp:featuredmedia":[{"embeddable":true,"href":"https:\/\/www.europesays.com\/lv\/wp-json\/wp\/v2\/media\/114805"}],"wp:attachment":[{"href":"https:\/\/www.europesays.com\/lv\/wp-json\/wp\/v2\/media?parent=114804"}],"wp:term":[{"taxonomy":"category","embeddable":true,"href":"https:\/\/www.europesays.com\/lv\/wp-json\/wp\/v2\/categories?post=114804"},{"taxonomy":"post_tag","embeddable":true,"href":"https:\/\/www.europesays.com\/lv\/wp-json\/wp\/v2\/tags?post=114804"}],"curies":[{"name":"wp","href":"https:\/\/api.w.org\/{rel}","templated":true}]}}