{"id":114830,"date":"2026-01-27T09:03:07","date_gmt":"2026-01-27T09:03:07","guid":{"rendered":"https:\/\/www.europesays.com\/lv\/114830\/"},"modified":"2026-01-27T09:03:07","modified_gmt":"2026-01-27T09:03:07","slug":"latvijas-vestnieks-ukraina-kijiva-pedejas-tris-nedelas-dzivo-katastrofas-rezima-tvnet","status":"publish","type":"post","link":"https:\/\/www.europesays.com\/lv\/114830\/","title":{"rendered":"Latvijas v\u0113stnieks Ukrain\u0101: Kijiva p\u0113d\u0113j\u0101s tr\u012bs ned\u0113\u013cas dz\u012bvo katastrofas re\u017e\u012bm\u0101 &#8211; TVNET"},"content":{"rendered":"<ol>\n<li><a href=\"https:\/\/news.google.com\/rss\/articles\/CBMirAFBVV95cUxNMkZNNUU4cWJ3dnRMeEVKYlZuOXN0OWtyYXNzdzB4Vk1NRno1Vnp2T203LVdXZ2tQSER0T0d3emFfLUhvb1Nia1NxOVpIV0xmZGVkaW1DUGNsRm9KZWVIazhiRUY3dEhhRC1QdkVrMXRiX3RrNlhtZGE3dkVBY1NmNXFsRDUwN19vdXBXQTNHbmdCbTRqUW9Kb3gtT19pMVZnNUx6QnhLSERtRVZX?oc=5\" target=\"_blank\" rel=\"nofollow noopener\">Latvijas v\u0113stnieks Ukrain\u0101: Kijiva p\u0113d\u0113j\u0101s tr\u012bs ned\u0113\u013cas dz\u012bvo katastrofas re\u017e\u012bm\u0101<\/a>&nbsp;&nbsp;TVNET<\/li>\n<li><a href=\"https:\/\/news.google.com\/rss\/articles\/CBMi_wFBVV95cUxNTjVLRUVwX2JFN1hxTWRHbGN1eU8taldteWR1eXVsRXFUZkdna1BCRW5VbnQtOVlwdlQ2cWNncjV4bjM1XzRFTDdxcEhZVE14T3l4VXptSUVxdnp4Q001NWVnVjc3MEhUaG5mLUpHdV9DcmRySGdHc1o3dG0yUWttUGMwNy1qMUFDNmxrUXh6T2tuajZjZjVOajFiWm45SXRxc3czNWk4UXh6RWVpOHRLSk5TTXdHRS1acElIWEV4VTJpOHNTSkNjTTI3V1cyRURZenRxdUYyYmVnUW1fLUhiWG93U3JkMjYtVXNiclNGdDc1elhoZnF4UVg1S2pTYWs?oc=5\" target=\"_blank\" rel=\"nofollow noopener\">TEKSTA TIE\u0160RAIDE. Krievijas kar\u0161 Ukrain\u0101: Trampa administr\u0101cija turpina izdar\u012bt spiedienu uz Ukrainu, lai t\u0101 atdotu okupantiem Donbasu<\/a>&nbsp;&nbsp;Jauns.lv<\/li>\n<li><a href=\"https:\/\/news.google.com\/rss\/articles\/CBMi4AFBVV95cUxOSWxyTWdYeld0VmM2cVNwSVUzdHVmeE5UeloyZUFITmtjQi1Jal90NHdJdXhXcTdSOXNtRF9HXzRrdE1HV1lxeHB4VFlBUW83QjFWZ2tjb1psNUM1b0twZ3dRSzF2dngxUVc3WWFyT05Kel8teWFZQWxMMUIwUklvX0J5Z1pjQ0I3c2ZkOXNxU1o5bHplcWVBTWxHQTYyYWdGWUpZcElFdnk0VDBieUx0TTJRVWEyYTk0cXBIOFhpYTZoMEt6ZTlfT1VWUnVibk1WZGcyZDBXRlpqRVRaUEZIUg?oc=5\" target=\"_blank\" rel=\"nofollow noopener\">V\u0113stnieks: Krievija un t\u0101s sabiedrotie \u013coti prasm\u012bgi izmanto spraugas starp sankciju re\u017e\u012bmiem<\/a>&nbsp;&nbsp;liepajniekiem.lv<\/li>\n<\/ol>\n","protected":false},"excerpt":{"rendered":"Latvijas v\u0113stnieks Ukrain\u0101: Kijiva p\u0113d\u0113j\u0101s tr\u012bs ned\u0113\u013cas dz\u012bvo katastrofas re\u017e\u012bm\u0101&nbsp;&nbsp;TVNET TEKSTA TIE\u0160RAIDE. Krievijas kar\u0161 Ukrain\u0101: Trampa administr\u0101cija turpina&hellip;\n","protected":false},"author":2,"featured_media":114831,"comment_status":"","ping_status":"","sticky":false,"template":"","format":"standard","meta":{"footnotes":""},"categories":[14],"tags":[23,26700,57,28,29,3464,32,33,22,234,74,30,31,35,39,38,36,37,34,40,20,26,27,24,25,276,54,55,56,21,58],"class_list":{"0":"post-114830","1":"post","2":"type-post","3":"status-publish","4":"format-standard","5":"has-post-thumbnail","7":"category-zinas-no-arvalstim","8":"tag-aktualitates","9":"tag-andrejs-pildegovics","10":"tag-arvalstim","11":"tag-breaking-news","12":"tag-breakingnews","13":"tag-diplomatija","14":"tag-featured-news","15":"tag-featurednews","16":"tag-headlines","17":"tag-krievija","18":"tag-krievijas-iebrukums-ukraina","19":"tag-latest-news","20":"tag-latestnews","21":"tag-latvia","22":"tag-latvian","23":"tag-latviesu","24":"tag-latviesu-valoda","25":"tag-latviesuvaloda","26":"tag-latvija","27":"tag-lv","28":"tag-news","29":"tag-popularakas-zinas","30":"tag-popularakaszinas","31":"tag-top-stories","32":"tag-topstories","33":"tag-ukraina","34":"tag-world","35":"tag-world-news","36":"tag-worldnews","37":"tag-zinas","38":"tag-zinas-no-arvalstim"},"share_on_mastodon":{"url":"https:\/\/pubeurope.com\/@lv\/115966260196346273","error":""},"_links":{"self":[{"href":"https:\/\/www.europesays.com\/lv\/wp-json\/wp\/v2\/posts\/114830","targetHints":{"allow":["GET"]}}],"collection":[{"href":"https:\/\/www.europesays.com\/lv\/wp-json\/wp\/v2\/posts"}],"about":[{"href":"https:\/\/www.europesays.com\/lv\/wp-json\/wp\/v2\/types\/post"}],"author":[{"embeddable":true,"href":"https:\/\/www.europesays.com\/lv\/wp-json\/wp\/v2\/users\/2"}],"replies":[{"embeddable":true,"href":"https:\/\/www.europesays.com\/lv\/wp-json\/wp\/v2\/comments?post=114830"}],"version-history":[{"count":0,"href":"https:\/\/www.europesays.com\/lv\/wp-json\/wp\/v2\/posts\/114830\/revisions"}],"wp:featuredmedia":[{"embeddable":true,"href":"https:\/\/www.europesays.com\/lv\/wp-json\/wp\/v2\/media\/114831"}],"wp:attachment":[{"href":"https:\/\/www.europesays.com\/lv\/wp-json\/wp\/v2\/media?parent=114830"}],"wp:term":[{"taxonomy":"category","embeddable":true,"href":"https:\/\/www.europesays.com\/lv\/wp-json\/wp\/v2\/categories?post=114830"},{"taxonomy":"post_tag","embeddable":true,"href":"https:\/\/www.europesays.com\/lv\/wp-json\/wp\/v2\/tags?post=114830"}],"curies":[{"name":"wp","href":"https:\/\/api.w.org\/{rel}","templated":true}]}}