{"id":114834,"date":"2026-01-27T09:07:07","date_gmt":"2026-01-27T09:07:07","guid":{"rendered":"https:\/\/www.europesays.com\/lv\/114834\/"},"modified":"2026-01-27T09:07:07","modified_gmt":"2026-01-27T09:07:07","slug":"nujorkas-rangers-un-nujorkas-islanders-veic-mainas-darijumu-hokejs-sportacentrs-com","status":"publish","type":"post","link":"https:\/\/www.europesays.com\/lv\/114834\/","title":{"rendered":"\u0145ujorkas &#8220;Rangers&#8221; un \u0145ujorkas &#8220;Islanders&#8221; veic mai\u0146as dar\u012bjumu \u2013 Hokejs \u2013 Sportacentrs.com"},"content":{"rendered":"<p>Kop\u0161 1972. gada \u0161\u012b ir tikai otr\u0101 reize, kad \u0145ujorkas &#8220;Rangers&#8221; un \u0145ujorkas &#8220;Islanders&#8221; veiku\u0161as mai\u0146as dar\u012bjumu. 2010. gad\u0101 &#8220;Rangers&#8221; ieguva jauno somu aizsargu Jiri Niemi, kur\u0161 augst\u0101k par f\u0101rmklubu netika un NHL neaizvad\u012bja nevienu sp\u0113li. Pret\u012b tika atdota drafta izv\u0113le. Savuk\u0101rt 1972. gada novembr\u012b &#8220;Rangers&#8221; uz &#8220;Islanders&#8221; aizmain\u012bja uzbruc\u0113ju Ronu Stjuartu.<\/p>\n<p>K\u0101rsons S\u016bsijs \u0161aj\u0101 sezon\u0101 laukum\u0101 devies 46 sp\u0113l\u0113s, izce\u013coties ar tr\u012bs v\u0101rtu guvumiem un piec\u0101m rezultat\u012bv\u0101m piesp\u0113l\u0113m. Aizsargs uz \u0145ujorkas &#8220;Islanders&#8221; aizmain\u012bts apmai\u0146\u0101 pret 2026. gada NHL drafta tre\u0161\u0101s k\u0101rtas izv\u0113li. S\u016bsijs vid\u0113ji uz ledus pavad\u012bjis 17:13 min\u016btes un ar 66 blo\u0137\u0113tiem metieniem bija tre\u0161ais lab\u0101kais &#8220;Rangers&#8221; rind\u0101s.<\/p>\n<p>Vi\u0146\u0161 vasar\u0101 var\u0113s k\u013c\u016bt par br\u012bvo a\u0123entu, nosl\u0113dzoties tr\u012bs gadu un 9,75 miljonu dol\u0101ru l\u012bgumam. &#8220;Islanders&#8221; pastiprin\u0101jusies pirms sezonas iz\u0161\u0137iro\u0161aj\u0101m c\u012b\u0146\u0101m, kam\u0113r &#8220;Rangers&#8221; dodas pret\u0113j\u0101 virzien\u0101 \u2013 \u0123ener\u0101lmened\u017eeris Kriss Dr\u016brijs izk\u0101ris balto karogu un jau pazi\u0146ojis, ka \u0161\u0137irsies no vair\u0101kiem hokejistiem, lai p\u0101rb\u016bv\u0113tu sast\u0101vu.<\/p>\n<p>&#8220;Rangers&#8221; ar piecu punktu atr\u0101vienu ir slikt\u0101k\u0101 komanda Austrumu konferenc\u0113, bet &#8220;Islanders&#8221; ie\u0146em tre\u0161o vietu Metropoles div\u012bzij\u0101 un ir izsl\u0113g\u0161anas sp\u0113\u013cu zon\u0101.<\/p>\n<p>&#8220;Islanders&#8221; savainojuma d\u0113\u013c nevar pal\u012bdz\u0113t aizsargs Raiens Puloks, bet Aleksandrs Romanovs traumas d\u0113\u013c nav sp\u0113l\u0113jis kop\u0161 18. novembra.<\/p>\n<p>Izmantotie resursi:<br \/><a target=\"_blank\" href=\"https:\/\/www.tsn.ca\/nhl\/article\/islanders-acquire-d-soucy-from-rangers-for-third-round-pick\/\" rel=\"nofollow noopener\">https:\/\/www.tsn.ca\/nhl\/article\/isla&#8230;<\/a><br \/><a target=\"_blank\" href=\"https:\/\/www.nhl.com\/news\/carson-soucy-traded-to-new-york-islanders-by-new-york-rangers\" rel=\"nofollow noopener\">https:\/\/www.nhl.com\/news\/carson-sou&#8230;<\/a><\/p>\n","protected":false},"excerpt":{"rendered":"Kop\u0161 1972. gada \u0161\u012b ir tikai otr\u0101 reize, kad \u0145ujorkas &#8220;Rangers&#8221; un \u0145ujorkas &#8220;Islanders&#8221; veiku\u0161as mai\u0146as dar\u012bjumu. 2010.&hellip;\n","protected":false},"author":2,"featured_media":114835,"comment_status":"","ping_status":"","sticky":false,"template":"","format":"standard","meta":{"footnotes":""},"categories":[17],"tags":[394,35,39,38,36,37,34,40,67],"class_list":{"0":"post-114834","1":"post","2":"type-post","3":"status-publish","4":"format-standard","5":"has-post-thumbnail","7":"category-sports","8":"tag-hokejs","9":"tag-latvia","10":"tag-latvian","11":"tag-latviesu","12":"tag-latviesu-valoda","13":"tag-latviesuvaloda","14":"tag-latvija","15":"tag-lv","16":"tag-sports"},"share_on_mastodon":{"url":"https:\/\/pubeurope.com\/@lv\/115966275948508653","error":""},"_links":{"self":[{"href":"https:\/\/www.europesays.com\/lv\/wp-json\/wp\/v2\/posts\/114834","targetHints":{"allow":["GET"]}}],"collection":[{"href":"https:\/\/www.europesays.com\/lv\/wp-json\/wp\/v2\/posts"}],"about":[{"href":"https:\/\/www.europesays.com\/lv\/wp-json\/wp\/v2\/types\/post"}],"author":[{"embeddable":true,"href":"https:\/\/www.europesays.com\/lv\/wp-json\/wp\/v2\/users\/2"}],"replies":[{"embeddable":true,"href":"https:\/\/www.europesays.com\/lv\/wp-json\/wp\/v2\/comments?post=114834"}],"version-history":[{"count":0,"href":"https:\/\/www.europesays.com\/lv\/wp-json\/wp\/v2\/posts\/114834\/revisions"}],"wp:featuredmedia":[{"embeddable":true,"href":"https:\/\/www.europesays.com\/lv\/wp-json\/wp\/v2\/media\/114835"}],"wp:attachment":[{"href":"https:\/\/www.europesays.com\/lv\/wp-json\/wp\/v2\/media?parent=114834"}],"wp:term":[{"taxonomy":"category","embeddable":true,"href":"https:\/\/www.europesays.com\/lv\/wp-json\/wp\/v2\/categories?post=114834"},{"taxonomy":"post_tag","embeddable":true,"href":"https:\/\/www.europesays.com\/lv\/wp-json\/wp\/v2\/tags?post=114834"}],"curies":[{"name":"wp","href":"https:\/\/api.w.org\/{rel}","templated":true}]}}